{"id":1979,"date":"2017-11-17T12:16:46","date_gmt":"2017-11-17T12:16:46","guid":{"rendered":"http:\/\/edle-geister.de\/?p=1979"},"modified":"2022-12-08T14:40:09","modified_gmt":"2022-12-08T14:40:09","slug":"kuester-und-hausmeister","status":"publish","type":"post","link":"https:\/\/bethlehemgemeinde-meppen.de\/?p=1979","title":{"rendered":"K\u00fcster und Hausmeister"},"content":{"rendered":"\t\t<div data-elementor-type=\"wp-post\" data-elementor-id=\"1979\" class=\"elementor elementor-1979\" data-elementor-post-type=\"post\">\n\t\t\t\t\t\t<section class=\"elementor-section elementor-top-section elementor-element elementor-element-7ad1e74c elementor-section-boxed elementor-section-height-default elementor-section-height-default\" data-id=\"7ad1e74c\" data-element_type=\"section\" data-e-type=\"section\" data-settings=\"{&quot;ekit_has_onepagescroll_dot&quot;:&quot;yes&quot;}\">\n\t\t\t\t\t\t<div class=\"elementor-container elementor-column-gap-default\">\n\t\t\t\t\t<div class=\"elementor-column elementor-col-100 elementor-top-column elementor-element elementor-element-6b749393\" data-id=\"6b749393\" data-element_type=\"column\" data-e-type=\"column\">\n\t\t\t<div class=\"elementor-widget-wrap elementor-element-populated\">\n\t\t\t\t\t\t<div class=\"elementor-element elementor-element-43552ffb elementor-widget elementor-widget-text-editor\" data-id=\"43552ffb\" data-element_type=\"widget\" data-e-type=\"widget\" data-settings=\"{&quot;ekit_we_effect_on&quot;:&quot;none&quot;}\" data-widget_type=\"text-editor.default\">\n\t\t\t\t<div class=\"elementor-widget-container\">\n\t\t\t\t\t\t\t\t\t<p style=\"text-align: justify;\">\u201eJedes gro\u00dfe Hauswesen braucht einen Hausverwalter, der f\u00fcr Ordnung sorgt und den Hausvater in manchen F\u00e4llen vertreten kann. Dem Kirchendiener oder K\u00fcster ist zun\u00e4chst die \u00e4u\u00dfere Ordnung anvertraut. Er muss f\u00fcr die Pflege des Gotteshauses, f\u00fcr S\u00e4uberung und L\u00fcftung sorgen, f\u00fcr die Ausbesserung von Sch\u00e4den\u2026und f\u00fcr das Gel\u00e4ute. Er schlie\u00dft zum Gottesdienst die Kirche auf, stellt die heiligen Ger\u00e4te bereit, steckt die Liednummern an und sorgt f\u00fcr die n\u00f6tigen Gesangb\u00fccher.\u201c(Zitat aus der Festschrift zum 30-j\u00e4hrigen Kirchweihjubil\u00e4um, erstellt von Heinz Roth)<\/p><p style=\"text-align: justify;\">Die ersten K\u00fcster, die das Amt seit Bestehen der Bethlehemkirche gemeinsam versahen, waren das Ehepaar Neumann.<\/p><p style=\"text-align: justify;\">Ihre Nachfolger waren Frau Waltraud Stache, Herr \u2026\u2026 Zastrau und sp\u00e4ter Frau Ursula Zastrau, deren Arbeitsumfang durch den Bau des Gemeindehauses und des Jugendkellers und durch die Erweiterung der Kirche stark zugenommen hatte.<\/p><p style=\"text-align: justify;\">Als sie ins Amt der Pfarrsekret\u00e4rin wechselte, wurde 1994 Frau Annette Krogul unsere K\u00fcsterin. Die Pflege der Au\u00dfenanlagen erledigte Herr Samuel Neiwert der sp\u00e4ter von Herrn Otto Kl\u00fcnder abgel\u00f6st wurde. Er war dann bis zu seinem Ruhestand zu Ende 2022 unser \u201eErsatzk\u00fcster\u201c, vor allem aber auch ein umsichtiger Hausmeister und flei\u00dfiger G\u00e4rtner. Seine Aufgaben \u00fcbernimmt ab Januar 2023 Heinrich Warkentin, der entsprechende Aufgaben bislang schon in der Kapelle in Osterbrock aus\u00fcbte.<\/p><p style=\"text-align: justify;\">Frau Krogul ging 2011 in den Ruhestand. Ihre Nachfolgerin Frau Bianca Schmitz musste im September 2012 aus gesundheitlichen Gr\u00fcnden den Dienst aufgeben. Dankenswerterweise sprang Frau Krogul als Vertretung ein und so konnten die vielen Veranstaltungen im letzten Jahresviertel in gewohnter Weise stattfinden.<\/p><p style=\"text-align: justify;\">Seit Jahresbeginn 2013 sorgte Frau Emilia Pfafenrot f\u00fcr Kirche und Gemeindehaus. Und auch ihr und ihrer Arbeit war anzumerken: \u201eHerr, ich habe lieb die St\u00e4tte deines Hauses und den Ort, da deine Ehre wohnt\u201c.(Psalm 26, 8).<\/p><p style=\"text-align: justify;\">Im Sommer 2022 hat Frau Irene Warkentin die Nachfolge von Frau Pfafenrot angetreten, die sich nun im Ruhestand befindet.<\/p>\t\t\t\t\t\t\t\t<\/div>\n\t\t\t\t<\/div>\n\t\t\t\t\t<\/div>\n\t\t<\/div>\n\t\t\t\t\t<\/div>\n\t\t<\/section>\n\t\t\t\t<section class=\"elementor-section elementor-top-section elementor-element elementor-element-5e26845 elementor-section-boxed elementor-section-height-default elementor-section-height-default\" data-id=\"5e26845\" data-element_type=\"section\" data-e-type=\"section\" data-settings=\"{&quot;ekit_has_onepagescroll_dot&quot;:&quot;yes&quot;}\">\n\t\t\t\t\t\t<div class=\"elementor-container elementor-column-gap-default\">\n\t\t\t\t\t<div class=\"elementor-column elementor-col-100 elementor-top-column elementor-element elementor-element-45d3832\" data-id=\"45d3832\" data-element_type=\"column\" data-e-type=\"column\">\n\t\t\t<div class=\"elementor-widget-wrap elementor-element-populated\">\n\t\t\t\t\t\t<div class=\"elementor-element elementor-element-4296293 elementor-widget elementor-widget-image\" data-id=\"4296293\" data-element_type=\"widget\" data-e-type=\"widget\" data-settings=\"{&quot;ekit_we_effect_on&quot;:&quot;none&quot;}\" data-widget_type=\"image.default\">\n\t\t\t\t<div class=\"elementor-widget-container\">\n\t\t\t\t\t\t\t\t\t\t\t\t<figure class=\"wp-caption\">\n\t\t\t\t\t\t\t\t\t\t<img fetchpriority=\"high\" decoding=\"async\" width=\"1024\" height=\"645\" src=\"https:\/\/bethlehemgemeinde-meppen.de\/wp-content\/uploads\/2022\/12\/P1130310--1024x645.jpg\" class=\"attachment-large size-large wp-image-102828\" alt=\"\" srcset=\"https:\/\/bethlehemgemeinde-meppen.de\/wp-content\/uploads\/2022\/12\/P1130310--1024x645.jpg 1024w, https:\/\/bethlehemgemeinde-meppen.de\/wp-content\/uploads\/2022\/12\/P1130310--300x189.jpg 300w, https:\/\/bethlehemgemeinde-meppen.de\/wp-content\/uploads\/2022\/12\/P1130310--768x484.jpg 768w, https:\/\/bethlehemgemeinde-meppen.de\/wp-content\/uploads\/2022\/12\/P1130310--1536x968.jpg 1536w, https:\/\/bethlehemgemeinde-meppen.de\/wp-content\/uploads\/2022\/12\/P1130310--2048x1291.jpg 2048w\" sizes=\"(max-width: 1024px) 100vw, 1024px\" \/>\t\t\t\t\t\t\t\t\t\t\t<figcaption class=\"widget-image-caption wp-caption-text\">Verabschiedung von Otto Kl\u00fcnder am 1. Advent 2022<\/figcaption>\n\t\t\t\t\t\t\t\t\t\t<\/figure>\n\t\t\t\t\t\t\t\t\t<\/div>\n\t\t\t\t<\/div>\n\t\t\t\t\t<\/div>\n\t\t<\/div>\n\t\t\t\t\t<\/div>\n\t\t<\/section>\n\t\t\t\t<section class=\"elementor-section elementor-top-section elementor-element elementor-element-b42ab98 elementor-section-boxed elementor-section-height-default elementor-section-height-default\" data-id=\"b42ab98\" data-element_type=\"section\" data-e-type=\"section\" data-settings=\"{&quot;ekit_has_onepagescroll_dot&quot;:&quot;yes&quot;}\">\n\t\t\t\t\t\t<div class=\"elementor-container elementor-column-gap-default\">\n\t\t\t\t\t<div class=\"elementor-column elementor-col-100 elementor-top-column elementor-element elementor-element-aae0405\" data-id=\"aae0405\" data-element_type=\"column\" data-e-type=\"column\">\n\t\t\t<div class=\"elementor-widget-wrap elementor-element-populated\">\n\t\t\t\t\t\t<div class=\"elementor-element elementor-element-99b6a76 elementor-widget elementor-widget-image\" data-id=\"99b6a76\" data-element_type=\"widget\" data-e-type=\"widget\" data-settings=\"{&quot;ekit_we_effect_on&quot;:&quot;none&quot;}\" data-widget_type=\"image.default\">\n\t\t\t\t<div class=\"elementor-widget-container\">\n\t\t\t\t\t\t\t\t\t\t\t\t<figure class=\"wp-caption\">\n\t\t\t\t\t\t\t\t\t\t<img decoding=\"async\" width=\"1024\" height=\"671\" src=\"https:\/\/bethlehemgemeinde-meppen.de\/wp-content\/uploads\/2022\/12\/P1130298--1024x671.jpg\" class=\"attachment-large size-large wp-image-102835\" alt=\"\" srcset=\"https:\/\/bethlehemgemeinde-meppen.de\/wp-content\/uploads\/2022\/12\/P1130298--1024x671.jpg 1024w, https:\/\/bethlehemgemeinde-meppen.de\/wp-content\/uploads\/2022\/12\/P1130298--300x197.jpg 300w, https:\/\/bethlehemgemeinde-meppen.de\/wp-content\/uploads\/2022\/12\/P1130298--768x504.jpg 768w, https:\/\/bethlehemgemeinde-meppen.de\/wp-content\/uploads\/2022\/12\/P1130298--1536x1007.jpg 1536w, https:\/\/bethlehemgemeinde-meppen.de\/wp-content\/uploads\/2022\/12\/P1130298--2048x1343.jpg 2048w\" sizes=\"(max-width: 1024px) 100vw, 1024px\" \/>\t\t\t\t\t\t\t\t\t\t\t<figcaption class=\"widget-image-caption wp-caption-text\">Irene Warkentin bei ihrer feierlichen Einf\u00fchrung im Gottesdienst am 1. Advent 2022<\/figcaption>\n\t\t\t\t\t\t\t\t\t\t<\/figure>\n\t\t\t\t\t\t\t\t\t<\/div>\n\t\t\t\t<\/div>\n\t\t\t\t\t<\/div>\n\t\t<\/div>\n\t\t\t\t\t<\/div>\n\t\t<\/section>\n\t\t\t\t<section class=\"elementor-section elementor-top-section elementor-element elementor-element-e32a350 elementor-section-boxed elementor-section-height-default elementor-section-height-default\" data-id=\"e32a350\" data-element_type=\"section\" data-e-type=\"section\" data-settings=\"{&quot;ekit_has_onepagescroll_dot&quot;:&quot;yes&quot;}\">\n\t\t\t\t\t\t<div class=\"elementor-container elementor-column-gap-default\">\n\t\t\t\t\t<div class=\"elementor-column elementor-col-100 elementor-top-column elementor-element elementor-element-2c03d4e\" data-id=\"2c03d4e\" data-element_type=\"column\" data-e-type=\"column\">\n\t\t\t<div class=\"elementor-widget-wrap elementor-element-populated\">\n\t\t\t\t\t\t<div class=\"elementor-element elementor-element-b0f27ae elementor-widget elementor-widget-image\" data-id=\"b0f27ae\" data-element_type=\"widget\" data-e-type=\"widget\" data-settings=\"{&quot;ekit_we_effect_on&quot;:&quot;none&quot;}\" data-widget_type=\"image.default\">\n\t\t\t\t<div class=\"elementor-widget-container\">\n\t\t\t\t\t\t\t\t\t\t\t\t<figure class=\"wp-caption\">\n\t\t\t\t\t\t\t\t\t\t<img decoding=\"async\" width=\"1024\" height=\"573\" src=\"https:\/\/bethlehemgemeinde-meppen.de\/wp-content\/uploads\/2022\/12\/P1130313--1024x573.jpg\" class=\"attachment-large size-large wp-image-102826\" alt=\"\" srcset=\"https:\/\/bethlehemgemeinde-meppen.de\/wp-content\/uploads\/2022\/12\/P1130313--1024x573.jpg 1024w, https:\/\/bethlehemgemeinde-meppen.de\/wp-content\/uploads\/2022\/12\/P1130313--300x168.jpg 300w, https:\/\/bethlehemgemeinde-meppen.de\/wp-content\/uploads\/2022\/12\/P1130313--768x430.jpg 768w, https:\/\/bethlehemgemeinde-meppen.de\/wp-content\/uploads\/2022\/12\/P1130313--1536x860.jpg 1536w, https:\/\/bethlehemgemeinde-meppen.de\/wp-content\/uploads\/2022\/12\/P1130313--2048x1147.jpg 2048w\" sizes=\"(max-width: 1024px) 100vw, 1024px\" \/>\t\t\t\t\t\t\t\t\t\t\t<figcaption class=\"widget-image-caption wp-caption-text\">Drei K\u00fcsterinnen auf einem Bild: Emilia Pfafenrot, Annette Krogul und Irene Warkentin<\/figcaption>\n\t\t\t\t\t\t\t\t\t\t<\/figure>\n\t\t\t\t\t\t\t\t\t<\/div>\n\t\t\t\t<\/div>\n\t\t\t\t\t<\/div>\n\t\t<\/div>\n\t\t\t\t\t<\/div>\n\t\t<\/section>\n\t\t\t\t<\/div>\n\t\t","protected":false},"excerpt":{"rendered":"<p>\u201eJedes gro\u00dfe Hauswesen braucht einen Hausverwalter, der f\u00fcr Ordnung sorgt und den Hausvater in manchen F\u00e4llen vertreten kann. Dem Kirchendiener oder K\u00fcster ist zun\u00e4chst die \u00e4u\u00dfere Ordnung anvertraut. Er muss f\u00fcr die Pflege des Gotteshauses, f\u00fcr S\u00e4uberung und L\u00fcftung sorgen, f\u00fcr die Ausbesserung von Sch\u00e4den\u2026und f\u00fcr das Gel\u00e4ute. Er schlie\u00dft zum Gottesdienst die Kirche auf, &#8230; <a title=\"K\u00fcster und Hausmeister\" class=\"read-more\" href=\"https:\/\/bethlehemgemeinde-meppen.de\/?p=1979\" aria-label=\"Mehr Informationen \u00fcber K\u00fcster und Hausmeister\">Weiterlesen<\/a><\/p>\n","protected":false},"author":2,"featured_media":0,"comment_status":"closed","ping_status":"closed","sticky":false,"template":"","format":"standard","meta":{"footnotes":""},"categories":[6,86,103],"tags":[52,62],"class_list":["post-1979","post","type-post","status-publish","format-standard","hentry","category-bethlehemgemeinde","category-kuester-und-hausmeister","category-ueber-uns","tag-hausmeister","tag-kuester"],"_links":{"self":[{"href":"https:\/\/bethlehemgemeinde-meppen.de\/index.php?rest_route=\/wp\/v2\/posts\/1979","targetHints":{"allow":["GET"]}}],"collection":[{"href":"https:\/\/bethlehemgemeinde-meppen.de\/index.php?rest_route=\/wp\/v2\/posts"}],"about":[{"href":"https:\/\/bethlehemgemeinde-meppen.de\/index.php?rest_route=\/wp\/v2\/types\/post"}],"author":[{"embeddable":true,"href":"https:\/\/bethlehemgemeinde-meppen.de\/index.php?rest_route=\/wp\/v2\/users\/2"}],"replies":[{"embeddable":true,"href":"https:\/\/bethlehemgemeinde-meppen.de\/index.php?rest_route=%2Fwp%2Fv2%2Fcomments&post=1979"}],"version-history":[{"count":11,"href":"https:\/\/bethlehemgemeinde-meppen.de\/index.php?rest_route=\/wp\/v2\/posts\/1979\/revisions"}],"predecessor-version":[{"id":102838,"href":"https:\/\/bethlehemgemeinde-meppen.de\/index.php?rest_route=\/wp\/v2\/posts\/1979\/revisions\/102838"}],"wp:attachment":[{"href":"https:\/\/bethlehemgemeinde-meppen.de\/index.php?rest_route=%2Fwp%2Fv2%2Fmedia&parent=1979"}],"wp:term":[{"taxonomy":"category","embeddable":true,"href":"https:\/\/bethlehemgemeinde-meppen.de\/index.php?rest_route=%2Fwp%2Fv2%2Fcategories&post=1979"},{"taxonomy":"post_tag","embeddable":true,"href":"https:\/\/bethlehemgemeinde-meppen.de\/index.php?rest_route=%2Fwp%2Fv2%2Ftags&post=1979"}],"curies":[{"name":"wp","href":"https:\/\/api.w.org\/{rel}","templated":true}]}}