{"id":105534,"date":"2026-08-31T10:51:10","date_gmt":"2026-08-31T10:51:10","guid":{"rendered":"https:\/\/bethlehemgemeinde-meppen.de\/?p=105534"},"modified":"2026-08-31T10:58:25","modified_gmt":"2026-08-31T10:58:25","slug":"neu-ins-gespraech-kommen","status":"publish","type":"post","link":"https:\/\/bethlehemgemeinde-meppen.de\/?p=105534","title":{"rendered":"Neu ins Gespr\u00e4ch kommen"},"content":{"rendered":"\t\t<div data-elementor-type=\"wp-post\" data-elementor-id=\"105534\" class=\"elementor elementor-105534\" data-elementor-post-type=\"post\">\n\t\t\t\t\t\t<section class=\"elementor-section elementor-top-section elementor-element elementor-element-dc1cd47 elementor-section-boxed elementor-section-height-default elementor-section-height-default\" data-id=\"dc1cd47\" data-element_type=\"section\" data-e-type=\"section\" data-settings=\"{&quot;ekit_has_onepagescroll_dot&quot;:&quot;yes&quot;}\">\n\t\t\t\t\t\t<div class=\"elementor-container elementor-column-gap-default\">\n\t\t\t\t\t<div class=\"elementor-column elementor-col-100 elementor-top-column elementor-element elementor-element-ec9b174\" data-id=\"ec9b174\" data-element_type=\"column\" data-e-type=\"column\">\n\t\t\t<div class=\"elementor-widget-wrap elementor-element-populated\">\n\t\t\t\t\t\t<div class=\"elementor-element elementor-element-5b28085 elementor-widget elementor-widget-text-editor\" data-id=\"5b28085\" data-element_type=\"widget\" data-e-type=\"widget\" data-settings=\"{&quot;ekit_we_effect_on&quot;:&quot;none&quot;}\" data-widget_type=\"text-editor.default\">\n\t\t\t\t<div class=\"elementor-widget-container\">\n\t\t\t\t\t\t\t\t\t<p>Herzlich laden wir ein zu einer <strong>Gemeindeversammlung am Ersten Advent, 29. November 2026<\/strong>. Im Anschluss an einen Familiengottesdienst in der Bethlehemkirche, der um <strong>11.00 Uhr <\/strong>beginnen wird, wollen wir im Gemeindesaal im Albert-Schweitzer-Haus etwa eine Stunde lang mit allen interessierten Gemeindegliedern, jung und alt, tagen.<\/p><p>Worum soll es gehen: Mitglieder des Kirchenvorstands und der Bethlehem-Stiftung werden, jeweils in wenigen S\u00e4tzen, die Arbeitsfelder der Kirchengemeinde vorstellen, und danach soll in den vorhandenen Tischgruppen (, jeweils sechs bis acht Personen) dar\u00fcber gesprochen werden. Jede kann zu Wort kommen, jeder kann sich einbringen mit seinen Erfahrungen und seinen Hoffnungen. Erst im Nachgang der Veranstaltung sollen die auf \u201elebendigen Tischdecken\u201c festgehaltenen Beitr\u00e4ge und Ergebnisse ausgewertet werden.<\/p><p>F\u00fcr eine Kinderbetreuung ist gesorgt, das ist dann sozusagen die ganz junge Gemeindeversammlung. \ud83d\ude0a<\/p><p>Gegen 13.00 Uhr wollen wir gemeinsam ein einfaches Mittagessen einnehmen. Dabei ist nat\u00fcrlich weiterhin reichlich Raum f\u00fcr Gespr\u00e4che, frei nach dem Motto: Neu ins Gespr\u00e4ch kommen.<\/p><p>Wie meldet man sich an: Am besten geht es online per <strong><a href=\"mailto:ulrike.luebbers@evlka.de\">Mail an das Pfarrb\u00fcro<\/a><\/strong>.<\/p><p>Auf Ihre \/ Eure Teilnahme freuen sich<\/p><p>der Kirchenvorstand und das Kuratorium<\/p>\t\t\t\t\t\t\t\t<\/div>\n\t\t\t\t<\/div>\n\t\t\t\t\t<\/div>\n\t\t<\/div>\n\t\t\t\t\t<\/div>\n\t\t<\/section>\n\t\t\t\t<\/div>\n\t\t","protected":false},"excerpt":{"rendered":"<p>Herzlich laden wir ein zu einer Gemeindeversammlung am Ersten Advent, 29. November 2026. Im Anschluss an einen Familiengottesdienst in der Bethlehemkirche, der um 11.00 Uhr beginnen wird, wollen wir im Gemeindesaal im Albert-Schweitzer-Haus etwa eine Stunde lang mit allen interessierten Gemeindegliedern, jung und alt, tagen. Worum soll es gehen: Mitglieder des Kirchenvorstands und der Bethlehem-Stiftung &#8230; <a title=\"Neu ins Gespr\u00e4ch kommen\" class=\"read-more\" href=\"https:\/\/bethlehemgemeinde-meppen.de\/?p=105534\" aria-label=\"Mehr Informationen \u00fcber Neu ins Gespr\u00e4ch kommen\">Weiterlesen<\/a><\/p>\n","protected":false},"author":2,"featured_media":105542,"comment_status":"closed","ping_status":"closed","sticky":false,"template":"","format":"standard","meta":{"footnotes":""},"categories":[119,2,7,6,112],"tags":[],"class_list":["post-105534","post","type-post","status-publish","format-standard","has-post-thumbnail","hentry","category-119","category-news-and-events","category-bethlehem-stiftung","category-bethlehemgemeinde","category-leseraum-bethlehem-stiftung"],"_links":{"self":[{"href":"https:\/\/bethlehemgemeinde-meppen.de\/index.php?rest_route=\/wp\/v2\/posts\/105534","targetHints":{"allow":["GET"]}}],"collection":[{"href":"https:\/\/bethlehemgemeinde-meppen.de\/index.php?rest_route=\/wp\/v2\/posts"}],"about":[{"href":"https:\/\/bethlehemgemeinde-meppen.de\/index.php?rest_route=\/wp\/v2\/types\/post"}],"author":[{"embeddable":true,"href":"https:\/\/bethlehemgemeinde-meppen.de\/index.php?rest_route=\/wp\/v2\/users\/2"}],"replies":[{"embeddable":true,"href":"https:\/\/bethlehemgemeinde-meppen.de\/index.php?rest_route=%2Fwp%2Fv2%2Fcomments&post=105534"}],"version-history":[{"count":4,"href":"https:\/\/bethlehemgemeinde-meppen.de\/index.php?rest_route=\/wp\/v2\/posts\/105534\/revisions"}],"predecessor-version":[{"id":105538,"href":"https:\/\/bethlehemgemeinde-meppen.de\/index.php?rest_route=\/wp\/v2\/posts\/105534\/revisions\/105538"}],"wp:featuredmedia":[{"embeddable":true,"href":"https:\/\/bethlehemgemeinde-meppen.de\/index.php?rest_route=\/wp\/v2\/media\/105542"}],"wp:attachment":[{"href":"https:\/\/bethlehemgemeinde-meppen.de\/index.php?rest_route=%2Fwp%2Fv2%2Fmedia&parent=105534"}],"wp:term":[{"taxonomy":"category","embeddable":true,"href":"https:\/\/bethlehemgemeinde-meppen.de\/index.php?rest_route=%2Fwp%2Fv2%2Fcategories&post=105534"},{"taxonomy":"post_tag","embeddable":true,"href":"https:\/\/bethlehemgemeinde-meppen.de\/index.php?rest_route=%2Fwp%2Fv2%2Ftags&post=105534"}],"curies":[{"name":"wp","href":"https:\/\/api.w.org\/{rel}","templated":true}]}}