{"id":105518,"date":"2026-08-30T16:52:41","date_gmt":"2026-08-30T16:52:41","guid":{"rendered":"https:\/\/bethlehemgemeinde-meppen.de\/?p=105518"},"modified":"2026-08-30T17:01:30","modified_gmt":"2026-08-30T17:01:30","slug":"geistliches-wort-10","status":"publish","type":"post","link":"https:\/\/bethlehemgemeinde-meppen.de\/?p=105518","title":{"rendered":"Geistliches Wort"},"content":{"rendered":"\t\t<div data-elementor-type=\"wp-post\" data-elementor-id=\"105518\" class=\"elementor elementor-105518\" data-elementor-post-type=\"post\">\n\t\t\t\t\t\t<section class=\"elementor-section elementor-top-section elementor-element elementor-element-d025257 elementor-section-boxed elementor-section-height-default elementor-section-height-default\" data-id=\"d025257\" data-element_type=\"section\" data-e-type=\"section\" data-settings=\"{&quot;ekit_has_onepagescroll_dot&quot;:&quot;yes&quot;}\">\n\t\t\t\t\t\t<div class=\"elementor-container elementor-column-gap-default\">\n\t\t\t\t\t<div class=\"elementor-column elementor-col-100 elementor-top-column elementor-element elementor-element-ed29f93\" data-id=\"ed29f93\" data-element_type=\"column\" data-e-type=\"column\">\n\t\t\t<div class=\"elementor-widget-wrap elementor-element-populated\">\n\t\t\t\t\t\t<div class=\"elementor-element elementor-element-d0cb22c elementor-widget elementor-widget-text-editor\" data-id=\"d0cb22c\" data-element_type=\"widget\" data-e-type=\"widget\" data-settings=\"{&quot;ekit_we_effect_on&quot;:&quot;none&quot;}\" data-widget_type=\"text-editor.default\">\n\t\t\t\t<div class=\"elementor-widget-container\">\n\t\t\t\t\t\t\t\t\t<p><img decoding=\"async\" class=\"size-medium wp-image-103791 alignnone\" src=\"https:\/\/bethlehemgemeinde-meppen.de\/wp-content\/uploads\/2024\/06\/liebegemeinde-300x69.gif\" alt=\"\" width=\"300\" height=\"69\" \/><\/p><p>\u201eGott hat den Leib zusammengef\u00fcgt, damit die Glieder eintr\u00e4chtig f\u00fcreinander sorgen. Und wenn ein Glied leidet, so leiden alle Glieder mit, und wenn ein Glied geehrt wird, so freuen sich alle Glieder mit. \u201cWas der Apostel Paulus im Ersten Korintherbrief (Kapitel 12, die Verse 24 bis 26 in Auswahl) schreibt \u00fcber den Zusammenhalt in der Kirche und Gemeinde, das l\u00e4sst sich in aller K\u00fcrze auf folgenden Nenner bringen: Alle h\u00e4ngen mit allen zusammen. Und das gilt auch f\u00fcr unsere lutherische Kirche und die Gemeinden in unserer Region Emsland-Mitte.<\/p><p>Seit mittlerweile einem Jahr ist die Pfarrstelle in unserer Nachbargemeinde, der Gustav-Adolf-Gemeinde, unbesetzt. Und das geh\u00f6rt zu den Selbstverst\u00e4ndlichkeiten: dass wir einander helfen, wenn es um Dienste in der Nachbarschaft geht. Bislang ist Pastor Jacobs aus Dalum der Vakanzvertreter gewesen, Pastor Dr. Weyen aus Haren hat den Jahrgang der Vorkonfirmandinnen und Vorkonfirmanden unterrichtet. Und ich habe von unserer Bethlehemgemeinde aus die Gottesdienste in den Seniorenwohnanlagen und Pflegeheimen im Bereich der Gustav-Adolf-Gemeinde \u00fcbernommen, dazu auch etliche Trauerfeiern und Beerdigungen.<\/p><p>Ab dem 1. Oktober bin nun ich an der Reihe mit der offiziellen Vakanzvertretung und werde dem Kirchenvorstand der Gustav-Adolf-Gemeinde, so gut es geht, im Rahmen der Nachbarschaftshilfe zur Seite stehen. Auch wenn Amtshandlungen anfallen, werde ich der erste Ansprechpartner sein. Es kann sein, dass deswegen der eine oder andere Besuch in unserer Bethlehemgemeinde unterbleiben wird, daf\u00fcr bitte ich jetzt schon um Verst\u00e4ndnis.<\/p><p>Mit Abstand am wichtigsten wird allerdings sein, dass Ihr, die Ihr Euch zu unserer Bethlehemgemeinde haltet, keine Abstriche macht, sondern in Verbindung bleibt, Euch weiter engagiert, am Gemeindeleben teilnehmt und denGottesdienst mitfeiert. In der Kirche h\u00e4ngen alle mit allen zusammen.<\/p><p>Im Epheserbrief (Kapitel 4) schreibt der Apostel: Seid darauf bedacht zu wahren die Einigkeit im Geist durch das Band des Friedens: ein Leib und ein Geist, wie ihr auch berufen seid zu einer Hoffnung eurer Berufung. \u2026 Lasst uns aber wahrhaftig sein in der Liebe und wachsen in allen St\u00fccken zu dem hin, der das Haupt ist, Christus.<\/p><p>Freundlich gr\u00fc\u00dft aus dem Albert-Schweitzer-Weg<\/p><p><img decoding=\"async\" class=\"alignleft size-full wp-image-104981\" src=\"https:\/\/bethlehemgemeinde-meppen.de\/wp-content\/uploads\/2025\/09\/Achim-Heldt-Unterschrift.gif\" alt=\"\" width=\"266\" height=\"55\" \/><\/p><p>\u00a0<\/p><p>\u00a0<\/p><p><img fetchpriority=\"high\" decoding=\"async\" class=\"alignleft wp-image-103796 size-full\" src=\"https:\/\/bethlehemgemeinde-meppen.de\/wp-content\/uploads\/2024\/06\/pheldt.jpg\" alt=\"\" width=\"1280\" height=\"829\" srcset=\"https:\/\/bethlehemgemeinde-meppen.de\/wp-content\/uploads\/2024\/06\/pheldt.jpg 1280w, https:\/\/bethlehemgemeinde-meppen.de\/wp-content\/uploads\/2024\/06\/pheldt-300x194.jpg 300w, https:\/\/bethlehemgemeinde-meppen.de\/wp-content\/uploads\/2024\/06\/pheldt-1024x663.jpg 1024w, https:\/\/bethlehemgemeinde-meppen.de\/wp-content\/uploads\/2024\/06\/pheldt-768x497.jpg 768w\" sizes=\"(max-width: 1280px) 100vw, 1280px\" \/><\/p>\t\t\t\t\t\t\t\t<\/div>\n\t\t\t\t<\/div>\n\t\t\t\t\t<\/div>\n\t\t<\/div>\n\t\t\t\t\t<\/div>\n\t\t<\/section>\n\t\t\t\t<\/div>\n\t\t","protected":false},"excerpt":{"rendered":"<p>\u201eGott hat den Leib zusammengef\u00fcgt, damit die Glieder eintr\u00e4chtig f\u00fcreinander sorgen. Und wenn ein Glied leidet, so leiden alle Glieder mit, und wenn ein Glied geehrt wird, so freuen sich alle Glieder mit. \u201cWas der Apostel Paulus im Ersten Korintherbrief (Kapitel 12, die Verse 24 bis 26 in Auswahl) schreibt \u00fcber den Zusammenhalt in der &#8230; <a title=\"Geistliches Wort\" class=\"read-more\" href=\"https:\/\/bethlehemgemeinde-meppen.de\/?p=105518\" aria-label=\"Mehr Informationen \u00fcber Geistliches Wort\">Weiterlesen<\/a><\/p>\n","protected":false},"author":2,"featured_media":105523,"comment_status":"closed","ping_status":"closed","sticky":false,"template":"","format":"standard","meta":{"footnotes":""},"categories":[119,2,6],"tags":[],"class_list":["post-105518","post","type-post","status-publish","format-standard","has-post-thumbnail","hentry","category-119","category-news-and-events","category-bethlehemgemeinde"],"_links":{"self":[{"href":"https:\/\/bethlehemgemeinde-meppen.de\/index.php?rest_route=\/wp\/v2\/posts\/105518","targetHints":{"allow":["GET"]}}],"collection":[{"href":"https:\/\/bethlehemgemeinde-meppen.de\/index.php?rest_route=\/wp\/v2\/posts"}],"about":[{"href":"https:\/\/bethlehemgemeinde-meppen.de\/index.php?rest_route=\/wp\/v2\/types\/post"}],"author":[{"embeddable":true,"href":"https:\/\/bethlehemgemeinde-meppen.de\/index.php?rest_route=\/wp\/v2\/users\/2"}],"replies":[{"embeddable":true,"href":"https:\/\/bethlehemgemeinde-meppen.de\/index.php?rest_route=%2Fwp%2Fv2%2Fcomments&post=105518"}],"version-history":[{"count":4,"href":"https:\/\/bethlehemgemeinde-meppen.de\/index.php?rest_route=\/wp\/v2\/posts\/105518\/revisions"}],"predecessor-version":[{"id":105522,"href":"https:\/\/bethlehemgemeinde-meppen.de\/index.php?rest_route=\/wp\/v2\/posts\/105518\/revisions\/105522"}],"wp:featuredmedia":[{"embeddable":true,"href":"https:\/\/bethlehemgemeinde-meppen.de\/index.php?rest_route=\/wp\/v2\/media\/105523"}],"wp:attachment":[{"href":"https:\/\/bethlehemgemeinde-meppen.de\/index.php?rest_route=%2Fwp%2Fv2%2Fmedia&parent=105518"}],"wp:term":[{"taxonomy":"category","embeddable":true,"href":"https:\/\/bethlehemgemeinde-meppen.de\/index.php?rest_route=%2Fwp%2Fv2%2Fcategories&post=105518"},{"taxonomy":"post_tag","embeddable":true,"href":"https:\/\/bethlehemgemeinde-meppen.de\/index.php?rest_route=%2Fwp%2Fv2%2Ftags&post=105518"}],"curies":[{"name":"wp","href":"https:\/\/api.w.org\/{rel}","templated":true}]}}