{"id":105507,"date":"2026-08-30T16:42:26","date_gmt":"2026-08-30T16:42:26","guid":{"rendered":"https:\/\/bethlehemgemeinde-meppen.de\/?p=105507"},"modified":"2026-08-30T16:51:09","modified_gmt":"2026-08-30T16:51:09","slug":"die-bethlehem-stiftung-informiert-september-2026","status":"publish","type":"post","link":"https:\/\/bethlehemgemeinde-meppen.de\/?p=105507","title":{"rendered":"Die Bethlehem-Stiftung informiert (September 2026)"},"content":{"rendered":"\t\t<div data-elementor-type=\"wp-post\" data-elementor-id=\"105507\" class=\"elementor elementor-105507\" data-elementor-post-type=\"post\">\n\t\t\t\t\t\t<section class=\"elementor-section elementor-top-section elementor-element elementor-element-bb88dee elementor-section-boxed elementor-section-height-default elementor-section-height-default\" data-id=\"bb88dee\" data-element_type=\"section\" data-e-type=\"section\" data-settings=\"{&quot;ekit_has_onepagescroll_dot&quot;:&quot;yes&quot;}\">\n\t\t\t\t\t\t<div class=\"elementor-container elementor-column-gap-default\">\n\t\t\t\t\t<div class=\"elementor-column elementor-col-100 elementor-top-column elementor-element elementor-element-dca3cd5\" data-id=\"dca3cd5\" data-element_type=\"column\" data-e-type=\"column\">\n\t\t\t<div class=\"elementor-widget-wrap elementor-element-populated\">\n\t\t\t\t\t\t<div class=\"elementor-element elementor-element-541490c elementor-widget elementor-widget-text-editor\" data-id=\"541490c\" data-element_type=\"widget\" data-e-type=\"widget\" data-settings=\"{&quot;ekit_we_effect_on&quot;:&quot;none&quot;}\" data-widget_type=\"text-editor.default\">\n\t\t\t\t<div class=\"elementor-widget-container\">\n\t\t\t\t\t\t\t\t\t<p>Liebe Gemeindeglieder,<\/p><p>w\u00e4hrend des hei\u00dfen Sommers haben sie sich m\u00f6glicherweise gefragt, ob unsere Bethlehem-Stiftung eigentlich noch aktiv ist. Die klare Antwort lautet: aber ja, in vielf\u00e4ltiger Weise! Zun\u00e4chst kann nun endlich mitgeteilt werden, dass unsere schon vor l\u00e4ngerer Zeit entwidmete Friedrich von Bodelschwingh-Kapelle in Geste-Osterbrock einen neuen Besitzer gefunden hat. Die Verhandlungen mit der Gemeinde Geeste und der Evangelisch-lutherischen Landeskirche Hannovers waren ohne Erfolg geblieben. Neue Verhandlungen f\u00fchrten schlie\u00dflich unter Amtshilfe des Kirchenamts aus Osnabr\u00fcck zu einem Kaufvertrag mit Herrn Johannes Knoll aus Geeste-Bramhar. Nach Abriss der l\u00e4ngst bauf\u00e4lligen fr\u00fcheren Kapelle ist nach Aussage des K\u00e4ufers der Bau eines Doppelhauses mit zwei oder drei Einheiten in Planung.<\/p><p>Aus der Kapelle sollen vorher noch vier der kunstvollen Fenster entnommen werden. In diesem Zusammenhang ist angedacht, dass sie k\u00fcnftig in der Sakristei unserer Meppener Bethlehemkirche eingebaut werden. Auch die Osterbrocker Eisenglocke (sie diente fr\u00fcher schon der Gustav-Adolf-Kirche und tat dann sp\u00e4ter viele Jahre ihren Dienst vor den Gottesdiensten in Osterbrock) soll noch entnommen und nach Meppen transportiert werden. Sie wird k\u00fcnftig auf dem Grundst\u00fcck neben dem linken Eingang der Bethlehemkirche ihren Platz finden. Die Glocke wird mit einer geeigneten Plakette versehen werden, die auf ihre historische Bedeutung hinweisen soll.<\/p><p>Warum erz\u00e4hle ich Ihnen dies alles? Nun, sie werden sich denken k\u00f6nnen, dass alle geplanten Ma\u00dfnahmen auch Unkosten hervorgerufen haben, an denen sich die Bethlehem-Stiftung beteiligen wird.<\/p><p>Dies gilt auch f\u00fcr die Fenster im Albert-Schweitzer-Gemeindehaus. Hier m\u00fcssen die vorhandenen Holzfenster gr\u00fcndlich renoviert werden. Die fachm\u00e4nnische Durchf\u00fchrung dieser Arbeiten obliegt in bew\u00e4hrter Weise der Firma Pieters in Meppen.<\/p><p>Schlie\u00dflich m\u00f6chte ich Ihnen unsere bevorstehende Gemeindeversammlung ans Herz legen, die unter dem Motto \u201eNeu ins Gespr\u00e4ch kommen\u201c am ersten Advent (29. November 2026) im Anschluss an den Gottesdienst stattfinden wird, der an diesem Tag ausnahmsweise erst um 11:00 Uhr beginnt. Es wird sich um einen Familiengottesdienst handeln, zu dem ausdr\u00fccklich auch die Eltern unserer Vorkonfirmanden und Konfirmanden eingeladen sind. Bei der anschlie\u00dfenden Gemeindeversammlung wollen wir alle miteinander ins Gespr\u00e4ch kommen und Informationen austauschen, wobei auch mehrere Kuratoriumsmitglieder der Bethlehem-Stiftung ein offenes Ohr f\u00fcr Ihre Fragen haben werden. Da auch ein Mittagessen angeboten wird, melden Sie sich bitte vorher entweder im Gemeindeb\u00fcro oder ebenfalls \u00fcber unsere Internetseite f\u00fcr die Teilnahme an. Genauere Hinweise finden sich auch im aktuellen Sprachrohr. \u00dcber weitere Veranstaltungen werden wir Sie rechtzeitig \u00fcber die Abk\u00fcndigungen im Gottesdienst, durch den Aushang im Infokasten am Kircheingang und auch auf unserer Internetseite bekanntgeben informieren.<\/p><p>Ich w\u00fcnsche Ihnen einen wundersch\u00f6nen Herbst mit k\u00fchleren, oft sonnigen, aber auch einigen regnerischen Tagen.<\/p><p>Ihr Dr. Martin van der Ven<\/p><p><img fetchpriority=\"high\" decoding=\"async\" class=\"alignleft wp-image-105514 size-full\" src=\"https:\/\/bethlehemgemeinde-meppen.de\/wp-content\/uploads\/2026\/08\/Glockenturm-in-Osterbrock-02.jpg\" alt=\"\" width=\"1000\" height=\"1777\" srcset=\"https:\/\/bethlehemgemeinde-meppen.de\/wp-content\/uploads\/2026\/08\/Glockenturm-in-Osterbrock-02.jpg 1000w, https:\/\/bethlehemgemeinde-meppen.de\/wp-content\/uploads\/2026\/08\/Glockenturm-in-Osterbrock-02-169x300.jpg 169w, https:\/\/bethlehemgemeinde-meppen.de\/wp-content\/uploads\/2026\/08\/Glockenturm-in-Osterbrock-02-576x1024.jpg 576w, https:\/\/bethlehemgemeinde-meppen.de\/wp-content\/uploads\/2026\/08\/Glockenturm-in-Osterbrock-02-768x1365.jpg 768w, https:\/\/bethlehemgemeinde-meppen.de\/wp-content\/uploads\/2026\/08\/Glockenturm-in-Osterbrock-02-864x1536.jpg 864w\" sizes=\"(max-width: 1000px) 100vw, 1000px\" \/><\/p>\t\t\t\t\t\t\t\t<\/div>\n\t\t\t\t<\/div>\n\t\t\t\t\t<\/div>\n\t\t<\/div>\n\t\t\t\t\t<\/div>\n\t\t<\/section>\n\t\t\t\t<\/div>\n\t\t","protected":false},"excerpt":{"rendered":"<p>Liebe Gemeindeglieder, w\u00e4hrend des hei\u00dfen Sommers haben sie sich m\u00f6glicherweise gefragt, ob unsere Bethlehem-Stiftung eigentlich noch aktiv ist. Die klare Antwort lautet: aber ja, in vielf\u00e4ltiger Weise! Zun\u00e4chst kann nun endlich mitgeteilt werden, dass unsere schon vor l\u00e4ngerer Zeit entwidmete Friedrich von Bodelschwingh-Kapelle in Geste-Osterbrock einen neuen Besitzer gefunden hat. Die Verhandlungen mit der Gemeinde &#8230; <a title=\"Die Bethlehem-Stiftung informiert (September 2026)\" class=\"read-more\" href=\"https:\/\/bethlehemgemeinde-meppen.de\/?p=105507\" aria-label=\"Mehr Informationen \u00fcber Die Bethlehem-Stiftung informiert (September 2026)\">Weiterlesen<\/a><\/p>\n","protected":false},"author":2,"featured_media":105509,"comment_status":"closed","ping_status":"closed","sticky":false,"template":"","format":"standard","meta":{"footnotes":""},"categories":[119,2,7,112],"tags":[],"class_list":["post-105507","post","type-post","status-publish","format-standard","has-post-thumbnail","hentry","category-119","category-news-and-events","category-bethlehem-stiftung","category-leseraum-bethlehem-stiftung"],"_links":{"self":[{"href":"https:\/\/bethlehemgemeinde-meppen.de\/index.php?rest_route=\/wp\/v2\/posts\/105507","targetHints":{"allow":["GET"]}}],"collection":[{"href":"https:\/\/bethlehemgemeinde-meppen.de\/index.php?rest_route=\/wp\/v2\/posts"}],"about":[{"href":"https:\/\/bethlehemgemeinde-meppen.de\/index.php?rest_route=\/wp\/v2\/types\/post"}],"author":[{"embeddable":true,"href":"https:\/\/bethlehemgemeinde-meppen.de\/index.php?rest_route=\/wp\/v2\/users\/2"}],"replies":[{"embeddable":true,"href":"https:\/\/bethlehemgemeinde-meppen.de\/index.php?rest_route=%2Fwp%2Fv2%2Fcomments&post=105507"}],"version-history":[{"count":7,"href":"https:\/\/bethlehemgemeinde-meppen.de\/index.php?rest_route=\/wp\/v2\/posts\/105507\/revisions"}],"predecessor-version":[{"id":105517,"href":"https:\/\/bethlehemgemeinde-meppen.de\/index.php?rest_route=\/wp\/v2\/posts\/105507\/revisions\/105517"}],"wp:featuredmedia":[{"embeddable":true,"href":"https:\/\/bethlehemgemeinde-meppen.de\/index.php?rest_route=\/wp\/v2\/media\/105509"}],"wp:attachment":[{"href":"https:\/\/bethlehemgemeinde-meppen.de\/index.php?rest_route=%2Fwp%2Fv2%2Fmedia&parent=105507"}],"wp:term":[{"taxonomy":"category","embeddable":true,"href":"https:\/\/bethlehemgemeinde-meppen.de\/index.php?rest_route=%2Fwp%2Fv2%2Fcategories&post=105507"},{"taxonomy":"post_tag","embeddable":true,"href":"https:\/\/bethlehemgemeinde-meppen.de\/index.php?rest_route=%2Fwp%2Fv2%2Ftags&post=105507"}],"curies":[{"name":"wp","href":"https:\/\/api.w.org\/{rel}","templated":true}]}}