{"id":105498,"date":"2026-08-30T16:34:43","date_gmt":"2026-08-30T16:34:43","guid":{"rendered":"https:\/\/bethlehemgemeinde-meppen.de\/?p=105498"},"modified":"2026-08-30T16:39:39","modified_gmt":"2026-08-30T16:39:39","slug":"rueckblicke-4","status":"publish","type":"post","link":"https:\/\/bethlehemgemeinde-meppen.de\/?p=105498","title":{"rendered":"R\u00fcckblicke"},"content":{"rendered":"\t\t<div data-elementor-type=\"wp-post\" data-elementor-id=\"105498\" class=\"elementor elementor-105498\" data-elementor-post-type=\"post\">\n\t\t\t\t\t\t<section class=\"elementor-section elementor-top-section elementor-element elementor-element-ec7a0ac elementor-section-boxed elementor-section-height-default elementor-section-height-default\" data-id=\"ec7a0ac\" data-element_type=\"section\" data-e-type=\"section\" data-settings=\"{&quot;ekit_has_onepagescroll_dot&quot;:&quot;yes&quot;}\">\n\t\t\t\t\t\t<div class=\"elementor-container elementor-column-gap-default\">\n\t\t\t\t\t<div class=\"elementor-column elementor-col-100 elementor-top-column elementor-element elementor-element-fbcd434\" data-id=\"fbcd434\" data-element_type=\"column\" data-e-type=\"column\">\n\t\t\t<div class=\"elementor-widget-wrap elementor-element-populated\">\n\t\t\t\t\t\t<div class=\"elementor-element elementor-element-881d59b elementor-widget elementor-widget-text-editor\" data-id=\"881d59b\" data-element_type=\"widget\" data-e-type=\"widget\" data-settings=\"{&quot;ekit_we_effect_on&quot;:&quot;none&quot;}\" data-widget_type=\"text-editor.default\">\n\t\t\t\t<div class=\"elementor-widget-container\">\n\t\t\t\t\t\t\t\t\t<h3>Serenade \u201eMusik und Wein\u201c\u00a0 &#8211;\u00a0 ein sommerlicher Abend\u00a0voller Klang<\/h3><p>Unter dem Motto \u201eMusik und Wein\u201c hatte der Evangelische Posaunenchor, der durch die Beteiligung von vier ausw\u00e4rtigen Bl\u00e4serinnen und Bl\u00e4sern bestens ausger\u00fcstet war, zu einer stimmungsvollen Serenade mit Orgel und Klavier eingeladen.<\/p><p>In der gut besuchten Bethlehemkirche erlebten die G\u00e4ste in bewegender Atmosph\u00e4re eine abwechslungsreiche musikalische Reise.<\/p><p>Unter der Leitung von Johannes Drenger pr\u00e4sentierten die Bl\u00e4serinnen und Bl\u00e4ser ein Programm, das von klassischen Chor\u00e4len bis hin zu schwungvollen und modernen St\u00fccken reichte. F\u00fcr besondere musikalische Farbtupfer sorgten die Beitr\u00e4ge an Orgel und Klavier, gespielt von Karsten Opitz, der seinen St\u00fccken am Klavier durch seine wohlklingende Stimme das Sahneh\u00e4ubchen aufsetzte. So war es z.B. bei dem Lied \u201eRule Britannia\u201c, in das der Posaunenchor und die Zuh\u00f6rerinnen und Zuh\u00f6rer im Refrain einstimmten.<\/p><p>Im Wechsel und auch im Zusammenspiel mit dem Posaunenchor entstand ein vielseitiges Klangspiel, mal festlich und getragen, mal heiter und beschwingt. Die Musik zeigte einmal mehr, wie vielf\u00e4ltig Bl\u00e4ser-, Orgel- und Klaviermusik miteinander harmonisch verbundewerden k\u00f6nnen.<\/p><p>Durch das Programm f\u00fchrte Heidi Drenger, eine der Trompeterinnen, und sie sorgte mit zwei lustigen Gedichten f\u00fcr eine weitere Abwechslung.<\/p><p>Passend zum Titel durften nat\u00fcrlich auch der Wein und andere Getr\u00e4nke nicht fehlen. Damit blieb den Besucherinnen und Besuchern in der Pause Zeit f\u00fcr Begegnungen, Gespr\u00e4che und manches fr\u00f6hliche Wiedersehen.<\/p><p>Ein herzlicher Dank gilt allen Musikerinnen und Musikern, Johannes Drenger und Karsten Opitz, die mit viel Engagement und Freude diesen Abend zu einem sehr gelungenen Ereignis machten. Ebenso sei allen gedankt, die bei der Vorbereitung und Bewirtung mitgeholfen haben.<\/p><p>Die Serenade verband\u00a0 Musik, Genuss und Gemeinschaft miteinander und d\u00fcrfte bei vielen Besucherinnen und Besuchern noch lange nachklingen.<\/p><p>Hiltrud Ahrens<\/p><p><img fetchpriority=\"high\" decoding=\"async\" class=\"alignleft wp-image-105500 size-full\" src=\"https:\/\/bethlehemgemeinde-meppen.de\/wp-content\/uploads\/2026\/08\/Bild-1-Serenade.jpg\" alt=\"\" width=\"1443\" height=\"618\" srcset=\"https:\/\/bethlehemgemeinde-meppen.de\/wp-content\/uploads\/2026\/08\/Bild-1-Serenade.jpg 1443w, https:\/\/bethlehemgemeinde-meppen.de\/wp-content\/uploads\/2026\/08\/Bild-1-Serenade-300x128.jpg 300w, https:\/\/bethlehemgemeinde-meppen.de\/wp-content\/uploads\/2026\/08\/Bild-1-Serenade-1024x439.jpg 1024w, https:\/\/bethlehemgemeinde-meppen.de\/wp-content\/uploads\/2026\/08\/Bild-1-Serenade-768x329.jpg 768w\" sizes=\"(max-width: 1443px) 100vw, 1443px\" \/><\/p>\t\t\t\t\t\t\t\t<\/div>\n\t\t\t\t<\/div>\n\t\t\t\t\t<\/div>\n\t\t<\/div>\n\t\t\t\t\t<\/div>\n\t\t<\/section>\n\t\t\t\t<section class=\"elementor-section elementor-top-section elementor-element elementor-element-ac726de elementor-section-boxed elementor-section-height-default elementor-section-height-default\" data-id=\"ac726de\" data-element_type=\"section\" data-e-type=\"section\" data-settings=\"{&quot;ekit_has_onepagescroll_dot&quot;:&quot;yes&quot;}\">\n\t\t\t\t\t\t<div class=\"elementor-container elementor-column-gap-default\">\n\t\t\t\t\t<div class=\"elementor-column elementor-col-100 elementor-top-column elementor-element elementor-element-708d4df\" data-id=\"708d4df\" data-element_type=\"column\" data-e-type=\"column\">\n\t\t\t<div class=\"elementor-widget-wrap elementor-element-populated\">\n\t\t\t\t\t\t<div class=\"elementor-element elementor-element-44119b4 elementor-widget elementor-widget-text-editor\" data-id=\"44119b4\" data-element_type=\"widget\" data-e-type=\"widget\" data-settings=\"{&quot;ekit_we_effect_on&quot;:&quot;none&quot;}\" data-widget_type=\"text-editor.default\">\n\t\t\t\t<div class=\"elementor-widget-container\">\n\t\t\t\t\t\t\t\t\t<h3>\u00a0<\/h3><h3>Open-Air Gottesdienst am 2. August<\/h3><p>Geh aus, mein Herz, und suche Freud in dieser lieben Sommerzeit:<\/p><p>Das bekannte Paul-Gerhardt-Lied durfte im Open-Air-Gottesdienst mitten in den Sommerferien nicht fehlen. Flei\u00dfige Helferinnen und Helfer hatten kurzerhand im gepflasterten Hof zwischen Bethlehemkirche und Albert-Schweitzer-Haus St\u00fchle aufgestellt, davor auch einen Altartisch und darauf einen wunderbaren Blumenschmuck. Es gab auch eine provisorische Kanzel und eine Mikrofonanlage. Volker Stach aus Br\u00f6gbern hatte sein elektrisches Klavier mitgebracht. Und los ging es bei sch\u00f6nstem Sonnenschein mit fr\u00f6hlichem Gesang und innigem Gebet.<\/p><p>Am Ende war alles schnell wieder aufger\u00e4umt, und man war sich einig: Das wiederholen wir im kommenden Jahr.<\/p><p><img decoding=\"async\" class=\"alignleft wp-image-105502 size-full\" src=\"https:\/\/bethlehemgemeinde-meppen.de\/wp-content\/uploads\/2026\/08\/Bild-1-open-air-Gottesdienst.jpg\" alt=\"\" width=\"1440\" height=\"1753\" srcset=\"https:\/\/bethlehemgemeinde-meppen.de\/wp-content\/uploads\/2026\/08\/Bild-1-open-air-Gottesdienst.jpg 1440w, https:\/\/bethlehemgemeinde-meppen.de\/wp-content\/uploads\/2026\/08\/Bild-1-open-air-Gottesdienst-246x300.jpg 246w, https:\/\/bethlehemgemeinde-meppen.de\/wp-content\/uploads\/2026\/08\/Bild-1-open-air-Gottesdienst-841x1024.jpg 841w, https:\/\/bethlehemgemeinde-meppen.de\/wp-content\/uploads\/2026\/08\/Bild-1-open-air-Gottesdienst-768x935.jpg 768w, https:\/\/bethlehemgemeinde-meppen.de\/wp-content\/uploads\/2026\/08\/Bild-1-open-air-Gottesdienst-1262x1536.jpg 1262w\" sizes=\"(max-width: 1440px) 100vw, 1440px\" \/> <img decoding=\"async\" class=\"alignleft wp-image-105503 size-full\" src=\"https:\/\/bethlehemgemeinde-meppen.de\/wp-content\/uploads\/2026\/08\/Bild-2-open-air-Gottesdienst.jpg\" alt=\"\" width=\"1385\" height=\"1767\" srcset=\"https:\/\/bethlehemgemeinde-meppen.de\/wp-content\/uploads\/2026\/08\/Bild-2-open-air-Gottesdienst.jpg 1385w, https:\/\/bethlehemgemeinde-meppen.de\/wp-content\/uploads\/2026\/08\/Bild-2-open-air-Gottesdienst-235x300.jpg 235w, https:\/\/bethlehemgemeinde-meppen.de\/wp-content\/uploads\/2026\/08\/Bild-2-open-air-Gottesdienst-803x1024.jpg 803w, https:\/\/bethlehemgemeinde-meppen.de\/wp-content\/uploads\/2026\/08\/Bild-2-open-air-Gottesdienst-768x980.jpg 768w, https:\/\/bethlehemgemeinde-meppen.de\/wp-content\/uploads\/2026\/08\/Bild-2-open-air-Gottesdienst-1204x1536.jpg 1204w\" sizes=\"(max-width: 1385px) 100vw, 1385px\" \/><\/p>\t\t\t\t\t\t\t\t<\/div>\n\t\t\t\t<\/div>\n\t\t\t\t\t<\/div>\n\t\t<\/div>\n\t\t\t\t\t<\/div>\n\t\t<\/section>\n\t\t\t\t<\/div>\n\t\t","protected":false},"excerpt":{"rendered":"<p>Serenade \u201eMusik und Wein\u201c\u00a0 &#8211;\u00a0 ein sommerlicher Abend\u00a0voller Klang Unter dem Motto \u201eMusik und Wein\u201c hatte der Evangelische Posaunenchor, der durch die Beteiligung von vier ausw\u00e4rtigen Bl\u00e4serinnen und Bl\u00e4sern bestens ausger\u00fcstet war, zu einer stimmungsvollen Serenade mit Orgel und Klavier eingeladen. In der gut besuchten Bethlehemkirche erlebten die G\u00e4ste in bewegender Atmosph\u00e4re eine abwechslungsreiche musikalische &#8230; <a title=\"R\u00fcckblicke\" class=\"read-more\" href=\"https:\/\/bethlehemgemeinde-meppen.de\/?p=105498\" aria-label=\"Mehr Informationen \u00fcber R\u00fcckblicke\">Weiterlesen<\/a><\/p>\n","protected":false},"author":2,"featured_media":105501,"comment_status":"closed","ping_status":"closed","sticky":false,"template":"","format":"standard","meta":{"footnotes":""},"categories":[119,2,6],"tags":[],"class_list":["post-105498","post","type-post","status-publish","format-standard","has-post-thumbnail","hentry","category-119","category-news-and-events","category-bethlehemgemeinde"],"_links":{"self":[{"href":"https:\/\/bethlehemgemeinde-meppen.de\/index.php?rest_route=\/wp\/v2\/posts\/105498","targetHints":{"allow":["GET"]}}],"collection":[{"href":"https:\/\/bethlehemgemeinde-meppen.de\/index.php?rest_route=\/wp\/v2\/posts"}],"about":[{"href":"https:\/\/bethlehemgemeinde-meppen.de\/index.php?rest_route=\/wp\/v2\/types\/post"}],"author":[{"embeddable":true,"href":"https:\/\/bethlehemgemeinde-meppen.de\/index.php?rest_route=\/wp\/v2\/users\/2"}],"replies":[{"embeddable":true,"href":"https:\/\/bethlehemgemeinde-meppen.de\/index.php?rest_route=%2Fwp%2Fv2%2Fcomments&post=105498"}],"version-history":[{"count":4,"href":"https:\/\/bethlehemgemeinde-meppen.de\/index.php?rest_route=\/wp\/v2\/posts\/105498\/revisions"}],"predecessor-version":[{"id":105506,"href":"https:\/\/bethlehemgemeinde-meppen.de\/index.php?rest_route=\/wp\/v2\/posts\/105498\/revisions\/105506"}],"wp:featuredmedia":[{"embeddable":true,"href":"https:\/\/bethlehemgemeinde-meppen.de\/index.php?rest_route=\/wp\/v2\/media\/105501"}],"wp:attachment":[{"href":"https:\/\/bethlehemgemeinde-meppen.de\/index.php?rest_route=%2Fwp%2Fv2%2Fmedia&parent=105498"}],"wp:term":[{"taxonomy":"category","embeddable":true,"href":"https:\/\/bethlehemgemeinde-meppen.de\/index.php?rest_route=%2Fwp%2Fv2%2Fcategories&post=105498"},{"taxonomy":"post_tag","embeddable":true,"href":"https:\/\/bethlehemgemeinde-meppen.de\/index.php?rest_route=%2Fwp%2Fv2%2Ftags&post=105498"}],"curies":[{"name":"wp","href":"https:\/\/api.w.org\/{rel}","templated":true}]}}