{"id":104930,"date":"2025-09-03T15:31:01","date_gmt":"2025-09-03T15:31:01","guid":{"rendered":"https:\/\/bethlehemgemeinde-meppen.de\/?p=104930"},"modified":"2025-09-03T15:36:34","modified_gmt":"2025-09-03T15:36:34","slug":"ein-rueckblick-auf-die-drei-jubilaeen-feier-unserer-gemeinde","status":"publish","type":"post","link":"https:\/\/bethlehemgemeinde-meppen.de\/?p=104930","title":{"rendered":"Ein R\u00fcckblick auf die \u201eDrei-Jubil\u00e4en-Feier\u201c unserer Gemeinde"},"content":{"rendered":"\t\t<div data-elementor-type=\"wp-post\" data-elementor-id=\"104930\" class=\"elementor elementor-104930\" data-elementor-post-type=\"post\">\n\t\t\t\t\t\t<section class=\"elementor-section elementor-top-section elementor-element elementor-element-638d009 elementor-section-boxed elementor-section-height-default elementor-section-height-default\" data-id=\"638d009\" data-element_type=\"section\" data-e-type=\"section\" data-settings=\"{&quot;ekit_has_onepagescroll_dot&quot;:&quot;yes&quot;}\">\n\t\t\t\t\t\t<div class=\"elementor-container elementor-column-gap-default\">\n\t\t\t\t\t<div class=\"elementor-column elementor-col-100 elementor-top-column elementor-element elementor-element-91f83e8\" data-id=\"91f83e8\" data-element_type=\"column\" data-e-type=\"column\">\n\t\t\t<div class=\"elementor-widget-wrap elementor-element-populated\">\n\t\t\t\t\t\t<div class=\"elementor-element elementor-element-4e091c7 elementor-widget elementor-widget-text-editor\" data-id=\"4e091c7\" data-element_type=\"widget\" data-e-type=\"widget\" data-settings=\"{&quot;ekit_we_effect_on&quot;:&quot;none&quot;}\" data-widget_type=\"text-editor.default\">\n\t\t\t\t<div class=\"elementor-widget-container\">\n\t\t\t\t\t\t\t\t\t<h3><strong>Aus dem M\u00e4nnerkreis\u00a0 \u201e<span style=\"color: #ff0000;\">M<\/span>\u00e4nner <span style=\"color: #ff0000;\">M<\/span>achen <span style=\"color: #ff0000;\">M<\/span>it\u201c<\/strong><\/h3><p><strong>Ein R\u00fcckblick auf die \u201eDrei-Jubil\u00e4en-Feier\u201c unserer Gemeinde<\/strong><\/p><p>Der Sonntag am 22. Juni dieses Jahres hatte es in sich. Der Kirchplatz zeigte sich in einem Festgewand.\u00a0 Schon bei der Ankunft wiesen Fahnen und ein Banner \u00fcber der Einfahrt auf \u201e<strong>50 Jahre M\u00e4nnerkreis<\/strong>\u201c hin. Kleine F\u00e4hnchen s\u00e4umten den Platz um die Bethlehemkirche. \u00dcber dem Pfarrb\u00fcro zeigte ein gro\u00dfes Spruchband auf \u201e<strong>50 Jahre Albert-Schweitzer-Gemeindehaus<\/strong>\u201c hin. In der Kirche zierte ein Spruch \u201e<strong>20 Jahre Mense-Ruiter-Orgel<\/strong>\u201c die Empore \u00fcber dem Taufstein.<\/p><p>Die Bethlehemgemeinde hatte in Erinnerung an das 50j\u00e4hrige Bestehen des Albert-Schweitzer-Gemeindehauses und die damit eng verbundene Gr\u00fcndung des M\u00e4nnerkreises vor 50 Jahren zu einem Jubil\u00e4umsgottesdienst und anschlie\u00dfendem Gemeindefest eingeladen. Gleichzeitig j\u00e4hrte sich die Einweihung unserer \u201eMense-Ruiter-Orgel\u201c zum 20ten Mal. Grund genug, dies mit einem musikalischen Highlight zu begehen. So brillierte der \u201eEvangelische Meppener Posaunenchor\u201c unter Leitung von Johannes Drenger von der Orgelempore aus mit seinen Kl\u00e4ngen, denen der Kirchenmusikdirektor Rudolf Winkler aus dem Erzgebirge an der Orgel nicht nachstand. Die \u201eMarienberger Bergs\u00e4nger\u201c, dirigiert von R. Winkler, setzten mit a Capella-Darbietungen einen besonderen musikalischen Akzent, der durch ihre Bergmannstrachten optisch markant unterstrichen wurde. Die M\u00e4nner des M\u00e4nnerkreises mit ihren roten T-Shirts, im Halbrund hinter dem Altar platziert, rundeten das Bild ab.<\/p><p>In seiner Begr\u00fc\u00dfung und Predigt schloss Pastor Heldt die Jubil\u00e4en w\u00fcrdigend und anerkennend ein. Frau Ahrens vom Kirchenvorstand lie\u00df die Jubil\u00e4en chronologisch verbunden mit einem herzlichen Gl\u00fcckwunsch Revue passieren. Herr Matthias Funke \u00fcberbrachte Gru\u00dfworte der Stadt Meppen, ebenso wie die M\u00e4nnerkreise aus Dalum, Twist und Hasel\u00fcnne\/Herzlake. Die Teilnahme und Gl\u00fcckw\u00fcnsche von Pater Benny von der kath. St.-Maria-zum-Frieden-Gemeinde und Pastor Veltmann von der ev.-ref. Kirchengemeinde Meppen\/Sch\u00f6ninghsdorf zeugen von der \u00f6kumenischen Verbundenheit der Gemeinden. Wer einen langen Jubil\u00e4umsgottesdienst erwartet hatte, war erstaunt, wie kurzweilig die anderthalb Stunden verflossen waren.<\/p><p>Das Gemeindefest hatte der M\u00e4nnerkreis, wie schon oft zuvor, organisiert. Auf der Wiese vor dem Kirchturm hatte Frau Linda Wagner mit ihrem Team die j\u00fcngsten Teilnehmer \u201evoll im Griff\u201c. Nur die H\u00fcpfburg konnte nicht so ausgiebig wie geplant genutzt werden. Die Sonne hatte diese so stark aufgeheizt, dass eine Ber\u00fchrung mit der Haut schmerzhaft war. Schade!<\/p><p>Die \u201eBethlehem-Stiftung\u201c machte an ihrem Stand auf ihre Anliegen aufmerksam. Zu pers\u00f6nlichen Gespr\u00e4chen und einer attraktiven Tombola war der Stand durchweg gut besucht. Der Grillstand erwies sich als absoluter Renner. Der M\u00e4nnerkreis hatte Familienmitglieder engagiert, um dem Ansturm Herr zu werden. Auch die Konfirmanden sprangen helfend auf dem ganzen Fest ein. Im Saal des Gemeindehauses und in der K\u00fcche herrschte Hochbetrieb, galt es doch 19 gespendete Torten und Kuchen, Kaffee und kalte Getr\u00e4nke zu servieren. Hier sei dem Basarkreis um Brigitte Becker sowie dem ganzen K\u00fcchenteam gedankt. Im \u00dcbrigen waren die M\u00e4nner des M\u00e4nnerkreises in ihren roten Hemden \u00fcberall auf dem Fest eingespannt.<\/p><p>Besonderes Interesse und Beachtung fand der 3,5 Tonnen schwere Gedenkstein vor der Kirche. Der M\u00e4nnerkreis lie\u00df den Fels vom Vorplatz der inzwischen aufgegebenen bauf\u00e4lligen \u201eFriedrich-von-Bodelschwingh-Kapelle\u201c in Osterbrock hierher verbringen und brachte eine Erinnerungstafel an den Initiator zum Bau des Gemeindehauses und den Gr\u00fcnder des M\u00e4nnerkreises vor 50 Jahren, Pastor Heinz Roth, fest an. Au\u00dferdem hatten die M\u00e4nner den in die Jahre gekommenen Vorplatz um den Stein aufgearbeitet. Der pr\u00e4sentiert sich nun mit einem passend abgerundeten gef\u00e4lligen Anblick.<\/p><p><img fetchpriority=\"high\" decoding=\"async\" class=\"alignright wp-image-104936\" src=\"https:\/\/bethlehemgemeinde-meppen.de\/wp-content\/uploads\/2025\/09\/Stein-mit-Tafel-50J.-P.-Roth.jpg\" alt=\"\" width=\"400\" height=\"263\" srcset=\"https:\/\/bethlehemgemeinde-meppen.de\/wp-content\/uploads\/2025\/09\/Stein-mit-Tafel-50J.-P.-Roth.jpg 1280w, https:\/\/bethlehemgemeinde-meppen.de\/wp-content\/uploads\/2025\/09\/Stein-mit-Tafel-50J.-P.-Roth-300x197.jpg 300w, https:\/\/bethlehemgemeinde-meppen.de\/wp-content\/uploads\/2025\/09\/Stein-mit-Tafel-50J.-P.-Roth-1024x674.jpg 1024w, https:\/\/bethlehemgemeinde-meppen.de\/wp-content\/uploads\/2025\/09\/Stein-mit-Tafel-50J.-P.-Roth-768x505.jpg 768w\" sizes=\"(max-width: 400px) 100vw, 400px\" \/><\/p><p>Die von Erich Andrzejewski und G\u00fcnter Rieken zusammengestellte Fotogalerie im langen Flur des Gemeindehauses mit \u00fcber 180 gro\u00dfen Fotos aus den verschiedenen Aktivit\u00e4tsbereichen des M\u00e4nnerkreises, vom Bau des Gemeindehauses und der Mense-Ruiter-Orgel sorgte f\u00fcr manche Erinnerungen und Gespr\u00e4chsstoff. Auch die Namenslisten aller ehrenamtlichen Helfer beim Bau des Gemeindehauses in den Jahren 1974\/75 und der Mitglieder des M\u00e4nnerkreises seit Gr\u00fcndung lie\u00dfen Erinnerungen wach werden.<\/p><p>F\u00fcr den finanziellen R\u00fcckhalt und die Unterst\u00fctzung danken wir unserer Gemeinde und der Bethlehem-Stiftung sowie den vielen Helfern und Stiftern im Hintergrund. Dank der Spendenfreudigkeit unserer G\u00e4ste konnten 1.353 \u20ac dem Kapitalstock der Bethlehem-Stiftung gutgeschrieben werden. Die Aktion \u201eBrot f\u00fcr die Welt\u201c freut sich au\u00dferdem \u00fcber eine Spende von 647,24 \u20ac der Gottesdienstbesucher.<\/p><p>Gerne denken wir an diese gelungene Jubil\u00e4umsfeier zur\u00fcck.<\/p><p>Ihr G\u00fcnter Rieken<\/p><p>P.S. Klicken Sie bitte auf das nun folgende Bild f\u00fcr <strong>255 Fotos von der gro\u00dfen Feier:<\/strong><\/p>\t\t\t\t\t\t\t\t<\/div>\n\t\t\t\t<\/div>\n\t\t\t\t\t<\/div>\n\t\t<\/div>\n\t\t\t\t\t<\/div>\n\t\t<\/section>\n\t\t\t\t<section class=\"elementor-section elementor-top-section elementor-element elementor-element-71aae89 elementor-section-boxed elementor-section-height-default elementor-section-height-default\" data-id=\"71aae89\" data-element_type=\"section\" data-e-type=\"section\" data-settings=\"{&quot;ekit_has_onepagescroll_dot&quot;:&quot;yes&quot;}\">\n\t\t\t\t\t\t<div class=\"elementor-container elementor-column-gap-default\">\n\t\t\t\t\t<div class=\"elementor-column elementor-col-100 elementor-top-column elementor-element elementor-element-64840b4\" data-id=\"64840b4\" data-element_type=\"column\" data-e-type=\"column\">\n\t\t\t<div class=\"elementor-widget-wrap elementor-element-populated\">\n\t\t\t\t\t\t<div class=\"elementor-element elementor-element-18f1e2d elementor-widget elementor-widget-image\" data-id=\"18f1e2d\" data-element_type=\"widget\" data-e-type=\"widget\" data-settings=\"{&quot;ekit_we_effect_on&quot;:&quot;none&quot;}\" data-widget_type=\"image.default\">\n\t\t\t\t<div class=\"elementor-widget-container\">\n\t\t\t\t\t\t\t\t\t\t\t\t\t\t\t\t<a href=\"https:\/\/www.flickr.com\/photos\/bethlehem-stiftung\/albums\/72177720327032297\" target=\"_blank\">\n\t\t\t\t\t\t\t<img decoding=\"async\" width=\"1024\" height=\"576\" src=\"https:\/\/bethlehemgemeinde-meppen.de\/wp-content\/uploads\/2025\/06\/Jubilaeen-1024x576.jpg\" class=\"attachment-large size-large wp-image-104850\" alt=\"\" srcset=\"https:\/\/bethlehemgemeinde-meppen.de\/wp-content\/uploads\/2025\/06\/Jubilaeen-1024x576.jpg 1024w, https:\/\/bethlehemgemeinde-meppen.de\/wp-content\/uploads\/2025\/06\/Jubilaeen-300x169.jpg 300w, https:\/\/bethlehemgemeinde-meppen.de\/wp-content\/uploads\/2025\/06\/Jubilaeen-768x432.jpg 768w, https:\/\/bethlehemgemeinde-meppen.de\/wp-content\/uploads\/2025\/06\/Jubilaeen-1536x864.jpg 1536w, https:\/\/bethlehemgemeinde-meppen.de\/wp-content\/uploads\/2025\/06\/Jubilaeen.jpg 1920w\" sizes=\"(max-width: 1024px) 100vw, 1024px\" \/>\t\t\t\t\t\t\t\t<\/a>\n\t\t\t\t\t\t\t\t\t\t\t\t\t\t\t<\/div>\n\t\t\t\t<\/div>\n\t\t\t\t\t<\/div>\n\t\t<\/div>\n\t\t\t\t\t<\/div>\n\t\t<\/section>\n\t\t\t\t<\/div>\n\t\t","protected":false},"excerpt":{"rendered":"<p>Aus dem M\u00e4nnerkreis\u00a0 \u201eM\u00e4nner Machen Mit\u201c Ein R\u00fcckblick auf die \u201eDrei-Jubil\u00e4en-Feier\u201c unserer Gemeinde Der Sonntag am 22. Juni dieses Jahres hatte es in sich. Der Kirchplatz zeigte sich in einem Festgewand.\u00a0 Schon bei der Ankunft wiesen Fahnen und ein Banner \u00fcber der Einfahrt auf \u201e50 Jahre M\u00e4nnerkreis\u201c hin. Kleine F\u00e4hnchen s\u00e4umten den Platz um die &#8230; <a title=\"Ein R\u00fcckblick auf die \u201eDrei-Jubil\u00e4en-Feier\u201c unserer Gemeinde\" class=\"read-more\" href=\"https:\/\/bethlehemgemeinde-meppen.de\/?p=104930\" aria-label=\"Mehr Informationen \u00fcber Ein R\u00fcckblick auf die \u201eDrei-Jubil\u00e4en-Feier\u201c unserer Gemeinde\">Weiterlesen<\/a><\/p>\n","protected":false},"author":2,"featured_media":104935,"comment_status":"closed","ping_status":"closed","sticky":false,"template":"","format":"standard","meta":{"footnotes":""},"categories":[118,2,6,20],"tags":[],"class_list":["post-104930","post","type-post","status-publish","format-standard","has-post-thumbnail","hentry","category-118","category-news-and-events","category-bethlehemgemeinde","category-maennerkreis"],"_links":{"self":[{"href":"https:\/\/bethlehemgemeinde-meppen.de\/index.php?rest_route=\/wp\/v2\/posts\/104930","targetHints":{"allow":["GET"]}}],"collection":[{"href":"https:\/\/bethlehemgemeinde-meppen.de\/index.php?rest_route=\/wp\/v2\/posts"}],"about":[{"href":"https:\/\/bethlehemgemeinde-meppen.de\/index.php?rest_route=\/wp\/v2\/types\/post"}],"author":[{"embeddable":true,"href":"https:\/\/bethlehemgemeinde-meppen.de\/index.php?rest_route=\/wp\/v2\/users\/2"}],"replies":[{"embeddable":true,"href":"https:\/\/bethlehemgemeinde-meppen.de\/index.php?rest_route=%2Fwp%2Fv2%2Fcomments&post=104930"}],"version-history":[{"count":7,"href":"https:\/\/bethlehemgemeinde-meppen.de\/index.php?rest_route=\/wp\/v2\/posts\/104930\/revisions"}],"predecessor-version":[{"id":104939,"href":"https:\/\/bethlehemgemeinde-meppen.de\/index.php?rest_route=\/wp\/v2\/posts\/104930\/revisions\/104939"}],"wp:featuredmedia":[{"embeddable":true,"href":"https:\/\/bethlehemgemeinde-meppen.de\/index.php?rest_route=\/wp\/v2\/media\/104935"}],"wp:attachment":[{"href":"https:\/\/bethlehemgemeinde-meppen.de\/index.php?rest_route=%2Fwp%2Fv2%2Fmedia&parent=104930"}],"wp:term":[{"taxonomy":"category","embeddable":true,"href":"https:\/\/bethlehemgemeinde-meppen.de\/index.php?rest_route=%2Fwp%2Fv2%2Fcategories&post=104930"},{"taxonomy":"post_tag","embeddable":true,"href":"https:\/\/bethlehemgemeinde-meppen.de\/index.php?rest_route=%2Fwp%2Fv2%2Ftags&post=104930"}],"curies":[{"name":"wp","href":"https:\/\/api.w.org\/{rel}","templated":true}]}}