{"id":104808,"date":"2025-06-03T10:35:44","date_gmt":"2025-06-03T10:35:44","guid":{"rendered":"https:\/\/bethlehemgemeinde-meppen.de\/?p=104808"},"modified":"2025-06-04T11:01:01","modified_gmt":"2025-06-04T11:01:01","slug":"mit-kachelfleisch-bollerwagen-und-viel-herz","status":"publish","type":"post","link":"https:\/\/bethlehemgemeinde-meppen.de\/?p=104808","title":{"rendered":"Mit Kachelfleisch, Bollerwagen und viel Herz"},"content":{"rendered":"\t\t<div data-elementor-type=\"wp-post\" data-elementor-id=\"104808\" class=\"elementor elementor-104808\" data-elementor-post-type=\"post\">\n\t\t\t\t\t\t<section class=\"elementor-section elementor-top-section elementor-element elementor-element-d88b6cb elementor-section-boxed elementor-section-height-default elementor-section-height-default\" data-id=\"d88b6cb\" data-element_type=\"section\" data-e-type=\"section\" data-settings=\"{&quot;ekit_has_onepagescroll_dot&quot;:&quot;yes&quot;}\">\n\t\t\t\t\t\t<div class=\"elementor-container elementor-column-gap-default\">\n\t\t\t\t\t<div class=\"elementor-column elementor-col-100 elementor-top-column elementor-element elementor-element-a7b89bd\" data-id=\"a7b89bd\" data-element_type=\"column\" data-e-type=\"column\">\n\t\t\t<div class=\"elementor-widget-wrap elementor-element-populated\">\n\t\t\t\t\t\t<div class=\"elementor-element elementor-element-67697a0 elementor-widget elementor-widget-text-editor\" data-id=\"67697a0\" data-element_type=\"widget\" data-e-type=\"widget\" data-settings=\"{&quot;ekit_we_effect_on&quot;:&quot;none&quot;}\" data-widget_type=\"text-editor.default\">\n\t\t\t\t<div class=\"elementor-widget-container\">\n\t\t\t\t\t\t\t\t\t<p><strong>Unsere Erlebnisse beim Deutschen Evangelischen Kirchentag in Hannover, 30. April- 04. Mai 2025<\/strong><\/p><p>Gemeinsam mit der evangelischen Jugend und vielen Engagierten durften wir ein intensives, fr\u00f6hliches und bewegendes Programm erleben.\u00a0<\/p><p>Ein echtes Highlight war unser Stand beim Abend der Begegnung. Dort haben wir mit vollem Einsatz Kachefleischbr\u00f6tchen und vegetarische Bratw\u00fcrste verkauft \u2013 und das mit so gro\u00dfem Erfolg, dass wir \u00fcber vier bis f\u00fcnf Stunden durchgehend mit Grillen und Verkaufen besch\u00e4ftigt waren. Die Schlange wollte einfach nicht abrei\u00dfen, und obwohl wir kaum zur Ruhe kamen, war es genau das, was den Abend so lebendig und besonders gemacht hat: Begegnung, Lachen, gute Gespr\u00e4che und das Gef\u00fchl, Teil eines gr\u00f6\u00dferen Ganzen zu sein.<\/p><p>An den weiteren Tagen des Kirchentags waren wir mit einem kreativen Mitmach-Stand vertreten. Zusammen mit \u00a0Pastor Gernot Wilke-Ewert, Schulpastor an der BBS in Lingen, und einigen Sch\u00fclerinnen haben wir Jugendliche eingeladen, Bollerwagen und Symbole zu bemalen \u2013 inspiriert von der all-bekannten 1.-Mai-Tradition (eine Bollerwagentour zu machen). Diese Bollerwagen wurden zu kleinen Botschaftern: bemalt mit Symbolen, Worten, W\u00fcnschen und Forderungen. Was bewegt Jugendliche heute? Was liegt ihnen auf dem Herzen? Ganz im Sinne des Kirchentagsmottos \u201emutig, stark, beherzt\u201c konnten sie das sichtbar machen. Zweimal am Tag wurde dann ein \u201eBollerwagen-Corso\u201c \u00fcber das Messegel\u00e4nde veranstaltet. \u00dcber diese Aktion wurde \u00fcbrigens auch im NDR berichtet (\u201eFeiern in Verbundenheit: Das Spa\u00df-Programm am Kirchentag\u201c).\u00a0<\/p><p>Neben der Standbetreuung blieb auch Zeit, das vielf\u00e4ltige Programm des Kirchentags zu genie\u00dfen. So war ich unter anderem bei Auftritten von Bodo Wartke und den Hanke Brothers, habe Bibelarbeiten besucht \u2013 und obwohl ich es leider nicht zu Angela Merkel geschafft habe, gab es unz\u00e4hlige inspirierende Begegnungen, Gedankenanst\u00f6\u00dfe und neue Impulse f\u00fcr den Glauben und das Leben.<\/p><p>Dieser Kirchentag war nicht nur ein gro\u00dfes Fest des Glaubens \u2013 er war auch ein Raum f\u00fcr Engagement, Kreativit\u00e4t und das Miteinander verschiedener Generationen.<\/p><p>Philippa Heldt<\/p>\t\t\t\t\t\t\t\t<\/div>\n\t\t\t\t<\/div>\n\t\t\t\t\t<\/div>\n\t\t<\/div>\n\t\t\t\t\t<\/div>\n\t\t<\/section>\n\t\t\t\t<section class=\"elementor-section elementor-top-section elementor-element elementor-element-29e8929 elementor-section-boxed elementor-section-height-default elementor-section-height-default\" data-id=\"29e8929\" data-element_type=\"section\" data-e-type=\"section\" data-settings=\"{&quot;ekit_has_onepagescroll_dot&quot;:&quot;yes&quot;}\">\n\t\t\t\t\t\t<div class=\"elementor-container elementor-column-gap-default\">\n\t\t\t\t\t<div class=\"elementor-column elementor-col-100 elementor-top-column elementor-element elementor-element-4929fac\" data-id=\"4929fac\" data-element_type=\"column\" data-e-type=\"column\">\n\t\t\t<div class=\"elementor-widget-wrap elementor-element-populated\">\n\t\t\t\t\t\t<div class=\"elementor-element elementor-element-0f4eff2 elementor-widget elementor-widget-image-gallery\" data-id=\"0f4eff2\" data-element_type=\"widget\" data-e-type=\"widget\" data-settings=\"{&quot;ekit_we_effect_on&quot;:&quot;none&quot;}\" data-widget_type=\"image-gallery.default\">\n\t\t\t\t<div class=\"elementor-widget-container\">\n\t\t\t\t\t\t\t<div class=\"elementor-image-gallery\">\n\t\t\t<div id='gallery-1' class='gallery galleryid-104808 gallery-columns-3 gallery-size-medium'><figure class='gallery-item'>\n\t\t\t<div class='gallery-icon portrait'>\n\t\t\t\t<a data-elementor-open-lightbox=\"yes\" data-elementor-lightbox-slideshow=\"0f4eff2\" data-elementor-lightbox-title=\"image1\" data-e-action-hash=\"#elementor-action%3Aaction%3Dlightbox%26settings%3DeyJpZCI6MTA0ODEwLCJ1cmwiOiJodHRwczpcL1wvYmV0aGxlaGVtZ2VtZWluZGUtbWVwcGVuLmRlXC93cC1jb250ZW50XC91cGxvYWRzXC8yMDI1XC8wNlwvaW1hZ2UxLmpwZyIsInNsaWRlc2hvdyI6IjBmNGVmZjIifQ%3D%3D\" href='https:\/\/bethlehemgemeinde-meppen.de\/wp-content\/uploads\/2025\/06\/image1.jpg'><img fetchpriority=\"high\" decoding=\"async\" width=\"225\" height=\"300\" src=\"https:\/\/bethlehemgemeinde-meppen.de\/wp-content\/uploads\/2025\/06\/image1-225x300.jpg\" class=\"attachment-medium size-medium\" alt=\"\" srcset=\"https:\/\/bethlehemgemeinde-meppen.de\/wp-content\/uploads\/2025\/06\/image1-225x300.jpg 225w, https:\/\/bethlehemgemeinde-meppen.de\/wp-content\/uploads\/2025\/06\/image1-768x1024.jpg 768w, https:\/\/bethlehemgemeinde-meppen.de\/wp-content\/uploads\/2025\/06\/image1-1152x1536.jpg 1152w, https:\/\/bethlehemgemeinde-meppen.de\/wp-content\/uploads\/2025\/06\/image1.jpg 1280w\" sizes=\"(max-width: 225px) 100vw, 225px\" \/><\/a>\n\t\t\t<\/div><\/figure><figure class='gallery-item'>\n\t\t\t<div class='gallery-icon landscape'>\n\t\t\t\t<a data-elementor-open-lightbox=\"yes\" data-elementor-lightbox-slideshow=\"0f4eff2\" data-elementor-lightbox-title=\"image2\" data-e-action-hash=\"#elementor-action%3Aaction%3Dlightbox%26settings%3DeyJpZCI6MTA0ODExLCJ1cmwiOiJodHRwczpcL1wvYmV0aGxlaGVtZ2VtZWluZGUtbWVwcGVuLmRlXC93cC1jb250ZW50XC91cGxvYWRzXC8yMDI1XC8wNlwvaW1hZ2UyLmpwZyIsInNsaWRlc2hvdyI6IjBmNGVmZjIifQ%3D%3D\" href='https:\/\/bethlehemgemeinde-meppen.de\/wp-content\/uploads\/2025\/06\/image2.jpg'><img decoding=\"async\" width=\"300\" height=\"225\" src=\"https:\/\/bethlehemgemeinde-meppen.de\/wp-content\/uploads\/2025\/06\/image2-300x225.jpg\" class=\"attachment-medium size-medium\" alt=\"\" srcset=\"https:\/\/bethlehemgemeinde-meppen.de\/wp-content\/uploads\/2025\/06\/image2-300x225.jpg 300w, https:\/\/bethlehemgemeinde-meppen.de\/wp-content\/uploads\/2025\/06\/image2-1024x768.jpg 1024w, https:\/\/bethlehemgemeinde-meppen.de\/wp-content\/uploads\/2025\/06\/image2-768x576.jpg 768w, https:\/\/bethlehemgemeinde-meppen.de\/wp-content\/uploads\/2025\/06\/image2.jpg 1280w\" sizes=\"(max-width: 300px) 100vw, 300px\" \/><\/a>\n\t\t\t<\/div><\/figure><figure class='gallery-item'>\n\t\t\t<div class='gallery-icon landscape'>\n\t\t\t\t<a data-elementor-open-lightbox=\"yes\" data-elementor-lightbox-slideshow=\"0f4eff2\" data-elementor-lightbox-title=\"image3\" data-e-action-hash=\"#elementor-action%3Aaction%3Dlightbox%26settings%3DeyJpZCI6MTA0ODEyLCJ1cmwiOiJodHRwczpcL1wvYmV0aGxlaGVtZ2VtZWluZGUtbWVwcGVuLmRlXC93cC1jb250ZW50XC91cGxvYWRzXC8yMDI1XC8wNlwvaW1hZ2UzLmpwZyIsInNsaWRlc2hvdyI6IjBmNGVmZjIifQ%3D%3D\" href='https:\/\/bethlehemgemeinde-meppen.de\/wp-content\/uploads\/2025\/06\/image3.jpg'><img decoding=\"async\" width=\"300\" height=\"300\" src=\"https:\/\/bethlehemgemeinde-meppen.de\/wp-content\/uploads\/2025\/06\/image3-300x300.jpg\" class=\"attachment-medium size-medium\" alt=\"\" srcset=\"https:\/\/bethlehemgemeinde-meppen.de\/wp-content\/uploads\/2025\/06\/image3-300x300.jpg 300w, https:\/\/bethlehemgemeinde-meppen.de\/wp-content\/uploads\/2025\/06\/image3-150x150.jpg 150w, https:\/\/bethlehemgemeinde-meppen.de\/wp-content\/uploads\/2025\/06\/image3-768x768.jpg 768w, https:\/\/bethlehemgemeinde-meppen.de\/wp-content\/uploads\/2025\/06\/image3.jpg 860w\" sizes=\"(max-width: 300px) 100vw, 300px\" \/><\/a>\n\t\t\t<\/div><\/figure><figure class='gallery-item'>\n\t\t\t<div class='gallery-icon landscape'>\n\t\t\t\t<a data-elementor-open-lightbox=\"yes\" data-elementor-lightbox-slideshow=\"0f4eff2\" data-elementor-lightbox-title=\"image4\" data-e-action-hash=\"#elementor-action%3Aaction%3Dlightbox%26settings%3DeyJpZCI6MTA0ODEzLCJ1cmwiOiJodHRwczpcL1wvYmV0aGxlaGVtZ2VtZWluZGUtbWVwcGVuLmRlXC93cC1jb250ZW50XC91cGxvYWRzXC8yMDI1XC8wNlwvaW1hZ2U0LmpwZyIsInNsaWRlc2hvdyI6IjBmNGVmZjIifQ%3D%3D\" href='https:\/\/bethlehemgemeinde-meppen.de\/wp-content\/uploads\/2025\/06\/image4.jpg'><img loading=\"lazy\" decoding=\"async\" width=\"300\" height=\"146\" src=\"https:\/\/bethlehemgemeinde-meppen.de\/wp-content\/uploads\/2025\/06\/image4-300x146.jpg\" class=\"attachment-medium size-medium\" alt=\"\" srcset=\"https:\/\/bethlehemgemeinde-meppen.de\/wp-content\/uploads\/2025\/06\/image4-300x146.jpg 300w, https:\/\/bethlehemgemeinde-meppen.de\/wp-content\/uploads\/2025\/06\/image4-1024x500.jpg 1024w, https:\/\/bethlehemgemeinde-meppen.de\/wp-content\/uploads\/2025\/06\/image4-768x375.jpg 768w, https:\/\/bethlehemgemeinde-meppen.de\/wp-content\/uploads\/2025\/06\/image4.jpg 1280w\" sizes=\"(max-width: 300px) 100vw, 300px\" \/><\/a>\n\t\t\t<\/div><\/figure><figure class='gallery-item'>\n\t\t\t<div class='gallery-icon portrait'>\n\t\t\t\t<a data-elementor-open-lightbox=\"yes\" data-elementor-lightbox-slideshow=\"0f4eff2\" data-elementor-lightbox-title=\"image6\" data-e-action-hash=\"#elementor-action%3Aaction%3Dlightbox%26settings%3DeyJpZCI6MTA0ODE0LCJ1cmwiOiJodHRwczpcL1wvYmV0aGxlaGVtZ2VtZWluZGUtbWVwcGVuLmRlXC93cC1jb250ZW50XC91cGxvYWRzXC8yMDI1XC8wNlwvaW1hZ2U2LmpwZyIsInNsaWRlc2hvdyI6IjBmNGVmZjIifQ%3D%3D\" href='https:\/\/bethlehemgemeinde-meppen.de\/wp-content\/uploads\/2025\/06\/image6.jpg'><img loading=\"lazy\" decoding=\"async\" width=\"194\" height=\"300\" src=\"https:\/\/bethlehemgemeinde-meppen.de\/wp-content\/uploads\/2025\/06\/image6-194x300.jpg\" class=\"attachment-medium size-medium\" alt=\"\" srcset=\"https:\/\/bethlehemgemeinde-meppen.de\/wp-content\/uploads\/2025\/06\/image6-194x300.jpg 194w, https:\/\/bethlehemgemeinde-meppen.de\/wp-content\/uploads\/2025\/06\/image6-663x1024.jpg 663w, https:\/\/bethlehemgemeinde-meppen.de\/wp-content\/uploads\/2025\/06\/image6-768x1187.jpg 768w, https:\/\/bethlehemgemeinde-meppen.de\/wp-content\/uploads\/2025\/06\/image6-994x1536.jpg 994w, https:\/\/bethlehemgemeinde-meppen.de\/wp-content\/uploads\/2025\/06\/image6.jpg 1144w\" sizes=\"(max-width: 194px) 100vw, 194px\" \/><\/a>\n\t\t\t<\/div><\/figure><figure class='gallery-item'>\n\t\t\t<div class='gallery-icon landscape'>\n\t\t\t\t<a data-elementor-open-lightbox=\"yes\" data-elementor-lightbox-slideshow=\"0f4eff2\" data-elementor-lightbox-title=\"image0\" data-e-action-hash=\"#elementor-action%3Aaction%3Dlightbox%26settings%3DeyJpZCI6MTA0ODE1LCJ1cmwiOiJodHRwczpcL1wvYmV0aGxlaGVtZ2VtZWluZGUtbWVwcGVuLmRlXC93cC1jb250ZW50XC91cGxvYWRzXC8yMDI1XC8wNlwvaW1hZ2UwLmpwZyIsInNsaWRlc2hvdyI6IjBmNGVmZjIifQ%3D%3D\" href='https:\/\/bethlehemgemeinde-meppen.de\/wp-content\/uploads\/2025\/06\/image0.jpg'><img loading=\"lazy\" decoding=\"async\" width=\"300\" height=\"282\" src=\"https:\/\/bethlehemgemeinde-meppen.de\/wp-content\/uploads\/2025\/06\/image0-300x282.jpg\" class=\"attachment-medium size-medium\" alt=\"\" srcset=\"https:\/\/bethlehemgemeinde-meppen.de\/wp-content\/uploads\/2025\/06\/image0-300x282.jpg 300w, https:\/\/bethlehemgemeinde-meppen.de\/wp-content\/uploads\/2025\/06\/image0.jpg 767w\" sizes=\"(max-width: 300px) 100vw, 300px\" \/><\/a>\n\t\t\t<\/div><\/figure><figure class='gallery-item'>\n\t\t\t<div class='gallery-icon portrait'>\n\t\t\t\t<a data-elementor-open-lightbox=\"yes\" data-elementor-lightbox-slideshow=\"0f4eff2\" data-elementor-lightbox-title=\"image8\" data-e-action-hash=\"#elementor-action%3Aaction%3Dlightbox%26settings%3DeyJpZCI6MTA0ODE2LCJ1cmwiOiJodHRwczpcL1wvYmV0aGxlaGVtZ2VtZWluZGUtbWVwcGVuLmRlXC93cC1jb250ZW50XC91cGxvYWRzXC8yMDI1XC8wNlwvaW1hZ2U4LmpwZyIsInNsaWRlc2hvdyI6IjBmNGVmZjIifQ%3D%3D\" href='https:\/\/bethlehemgemeinde-meppen.de\/wp-content\/uploads\/2025\/06\/image8.jpg'><img loading=\"lazy\" decoding=\"async\" width=\"225\" height=\"300\" src=\"https:\/\/bethlehemgemeinde-meppen.de\/wp-content\/uploads\/2025\/06\/image8-225x300.jpg\" class=\"attachment-medium size-medium\" alt=\"\" srcset=\"https:\/\/bethlehemgemeinde-meppen.de\/wp-content\/uploads\/2025\/06\/image8-225x300.jpg 225w, https:\/\/bethlehemgemeinde-meppen.de\/wp-content\/uploads\/2025\/06\/image8-768x1024.jpg 768w, https:\/\/bethlehemgemeinde-meppen.de\/wp-content\/uploads\/2025\/06\/image8-1152x1536.jpg 1152w, https:\/\/bethlehemgemeinde-meppen.de\/wp-content\/uploads\/2025\/06\/image8.jpg 1280w\" sizes=\"(max-width: 225px) 100vw, 225px\" \/><\/a>\n\t\t\t<\/div><\/figure><figure class='gallery-item'>\n\t\t\t<div class='gallery-icon landscape'>\n\t\t\t\t<a data-elementor-open-lightbox=\"yes\" data-elementor-lightbox-slideshow=\"0f4eff2\" data-elementor-lightbox-title=\"image9\" data-e-action-hash=\"#elementor-action%3Aaction%3Dlightbox%26settings%3DeyJpZCI6MTA0ODE3LCJ1cmwiOiJodHRwczpcL1wvYmV0aGxlaGVtZ2VtZWluZGUtbWVwcGVuLmRlXC93cC1jb250ZW50XC91cGxvYWRzXC8yMDI1XC8wNlwvaW1hZ2U5LmpwZyIsInNsaWRlc2hvdyI6IjBmNGVmZjIifQ%3D%3D\" href='https:\/\/bethlehemgemeinde-meppen.de\/wp-content\/uploads\/2025\/06\/image9.jpg'><img loading=\"lazy\" decoding=\"async\" width=\"300\" height=\"225\" src=\"https:\/\/bethlehemgemeinde-meppen.de\/wp-content\/uploads\/2025\/06\/image9-300x225.jpg\" class=\"attachment-medium size-medium\" alt=\"\" srcset=\"https:\/\/bethlehemgemeinde-meppen.de\/wp-content\/uploads\/2025\/06\/image9-300x225.jpg 300w, https:\/\/bethlehemgemeinde-meppen.de\/wp-content\/uploads\/2025\/06\/image9-1024x768.jpg 1024w, https:\/\/bethlehemgemeinde-meppen.de\/wp-content\/uploads\/2025\/06\/image9-768x576.jpg 768w, https:\/\/bethlehemgemeinde-meppen.de\/wp-content\/uploads\/2025\/06\/image9.jpg 1280w\" sizes=\"(max-width: 300px) 100vw, 300px\" \/><\/a>\n\t\t\t<\/div><\/figure><figure class='gallery-item'>\n\t\t\t<div class='gallery-icon landscape'>\n\t\t\t\t<a data-elementor-open-lightbox=\"yes\" data-elementor-lightbox-slideshow=\"0f4eff2\" data-elementor-lightbox-title=\"image12\" data-e-action-hash=\"#elementor-action%3Aaction%3Dlightbox%26settings%3DeyJpZCI6MTA0ODE4LCJ1cmwiOiJodHRwczpcL1wvYmV0aGxlaGVtZ2VtZWluZGUtbWVwcGVuLmRlXC93cC1jb250ZW50XC91cGxvYWRzXC8yMDI1XC8wNlwvaW1hZ2UxMi5qcGciLCJzbGlkZXNob3ciOiIwZjRlZmYyIn0%3D\" href='https:\/\/bethlehemgemeinde-meppen.de\/wp-content\/uploads\/2025\/06\/image12.jpg'><img loading=\"lazy\" decoding=\"async\" width=\"300\" height=\"178\" src=\"https:\/\/bethlehemgemeinde-meppen.de\/wp-content\/uploads\/2025\/06\/image12-300x178.jpg\" class=\"attachment-medium size-medium\" alt=\"\" srcset=\"https:\/\/bethlehemgemeinde-meppen.de\/wp-content\/uploads\/2025\/06\/image12-300x178.jpg 300w, https:\/\/bethlehemgemeinde-meppen.de\/wp-content\/uploads\/2025\/06\/image12-1024x607.jpg 1024w, https:\/\/bethlehemgemeinde-meppen.de\/wp-content\/uploads\/2025\/06\/image12-768x455.jpg 768w, https:\/\/bethlehemgemeinde-meppen.de\/wp-content\/uploads\/2025\/06\/image12.jpg 1280w\" sizes=\"(max-width: 300px) 100vw, 300px\" \/><\/a>\n\t\t\t<\/div><\/figure><figure class='gallery-item'>\n\t\t\t<div class='gallery-icon portrait'>\n\t\t\t\t<a data-elementor-open-lightbox=\"yes\" data-elementor-lightbox-slideshow=\"0f4eff2\" data-elementor-lightbox-title=\"image13\" data-e-action-hash=\"#elementor-action%3Aaction%3Dlightbox%26settings%3DeyJpZCI6MTA0ODE5LCJ1cmwiOiJodHRwczpcL1wvYmV0aGxlaGVtZ2VtZWluZGUtbWVwcGVuLmRlXC93cC1jb250ZW50XC91cGxvYWRzXC8yMDI1XC8wNlwvaW1hZ2UxMy5qcGciLCJzbGlkZXNob3ciOiIwZjRlZmYyIn0%3D\" href='https:\/\/bethlehemgemeinde-meppen.de\/wp-content\/uploads\/2025\/06\/image13.jpg'><img loading=\"lazy\" decoding=\"async\" width=\"174\" height=\"300\" src=\"https:\/\/bethlehemgemeinde-meppen.de\/wp-content\/uploads\/2025\/06\/image13-174x300.jpg\" class=\"attachment-medium size-medium\" alt=\"\" srcset=\"https:\/\/bethlehemgemeinde-meppen.de\/wp-content\/uploads\/2025\/06\/image13-174x300.jpg 174w, https:\/\/bethlehemgemeinde-meppen.de\/wp-content\/uploads\/2025\/06\/image13-594x1024.jpg 594w, https:\/\/bethlehemgemeinde-meppen.de\/wp-content\/uploads\/2025\/06\/image13-768x1324.jpg 768w, https:\/\/bethlehemgemeinde-meppen.de\/wp-content\/uploads\/2025\/06\/image13-891x1536.jpg 891w, https:\/\/bethlehemgemeinde-meppen.de\/wp-content\/uploads\/2025\/06\/image13.jpg 1170w\" sizes=\"(max-width: 174px) 100vw, 174px\" \/><\/a>\n\t\t\t<\/div><\/figure><figure class='gallery-item'>\n\t\t\t<div class='gallery-icon portrait'>\n\t\t\t\t<a data-elementor-open-lightbox=\"yes\" data-elementor-lightbox-slideshow=\"0f4eff2\" data-elementor-lightbox-title=\"image14\" data-e-action-hash=\"#elementor-action%3Aaction%3Dlightbox%26settings%3DeyJpZCI6MTA0ODIwLCJ1cmwiOiJodHRwczpcL1wvYmV0aGxlaGVtZ2VtZWluZGUtbWVwcGVuLmRlXC93cC1jb250ZW50XC91cGxvYWRzXC8yMDI1XC8wNlwvaW1hZ2UxNC5qcGciLCJzbGlkZXNob3ciOiIwZjRlZmYyIn0%3D\" href='https:\/\/bethlehemgemeinde-meppen.de\/wp-content\/uploads\/2025\/06\/image14.jpg'><img loading=\"lazy\" decoding=\"async\" width=\"226\" height=\"300\" src=\"https:\/\/bethlehemgemeinde-meppen.de\/wp-content\/uploads\/2025\/06\/image14-226x300.jpg\" class=\"attachment-medium size-medium\" alt=\"\" srcset=\"https:\/\/bethlehemgemeinde-meppen.de\/wp-content\/uploads\/2025\/06\/image14-226x300.jpg 226w, https:\/\/bethlehemgemeinde-meppen.de\/wp-content\/uploads\/2025\/06\/image14-773x1024.jpg 773w, https:\/\/bethlehemgemeinde-meppen.de\/wp-content\/uploads\/2025\/06\/image14-768x1017.jpg 768w, https:\/\/bethlehemgemeinde-meppen.de\/wp-content\/uploads\/2025\/06\/image14-1159x1536.jpg 1159w, https:\/\/bethlehemgemeinde-meppen.de\/wp-content\/uploads\/2025\/06\/image14.jpg 1170w\" sizes=\"(max-width: 226px) 100vw, 226px\" \/><\/a>\n\t\t\t<\/div><\/figure>\n\t\t<\/div>\n\t\t<\/div>\n\t\t\t\t\t\t<\/div>\n\t\t\t\t<\/div>\n\t\t\t\t\t<\/div>\n\t\t<\/div>\n\t\t\t\t\t<\/div>\n\t\t<\/section>\n\t\t\t\t<\/div>\n\t\t","protected":false},"excerpt":{"rendered":"<p>Unsere Erlebnisse beim Deutschen Evangelischen Kirchentag in Hannover, 30. April- 04. Mai 2025 Gemeinsam mit der evangelischen Jugend und vielen Engagierten durften wir ein intensives, fr\u00f6hliches und bewegendes Programm erleben.\u00a0 Ein echtes Highlight war unser Stand beim Abend der Begegnung. Dort haben wir mit vollem Einsatz Kachefleischbr\u00f6tchen und vegetarische Bratw\u00fcrste verkauft \u2013 und das mit &#8230; <a title=\"Mit Kachelfleisch, Bollerwagen und viel Herz\" class=\"read-more\" href=\"https:\/\/bethlehemgemeinde-meppen.de\/?p=104808\" aria-label=\"Mehr Informationen \u00fcber Mit Kachelfleisch, Bollerwagen und viel Herz\">Weiterlesen<\/a><\/p>\n","protected":false},"author":2,"featured_media":0,"comment_status":"closed","ping_status":"closed","sticky":false,"template":"","format":"standard","meta":{"footnotes":""},"categories":[118,2,6],"tags":[],"class_list":["post-104808","post","type-post","status-publish","format-standard","hentry","category-118","category-news-and-events","category-bethlehemgemeinde"],"_links":{"self":[{"href":"https:\/\/bethlehemgemeinde-meppen.de\/index.php?rest_route=\/wp\/v2\/posts\/104808","targetHints":{"allow":["GET"]}}],"collection":[{"href":"https:\/\/bethlehemgemeinde-meppen.de\/index.php?rest_route=\/wp\/v2\/posts"}],"about":[{"href":"https:\/\/bethlehemgemeinde-meppen.de\/index.php?rest_route=\/wp\/v2\/types\/post"}],"author":[{"embeddable":true,"href":"https:\/\/bethlehemgemeinde-meppen.de\/index.php?rest_route=\/wp\/v2\/users\/2"}],"replies":[{"embeddable":true,"href":"https:\/\/bethlehemgemeinde-meppen.de\/index.php?rest_route=%2Fwp%2Fv2%2Fcomments&post=104808"}],"version-history":[{"count":7,"href":"https:\/\/bethlehemgemeinde-meppen.de\/index.php?rest_route=\/wp\/v2\/posts\/104808\/revisions"}],"predecessor-version":[{"id":104826,"href":"https:\/\/bethlehemgemeinde-meppen.de\/index.php?rest_route=\/wp\/v2\/posts\/104808\/revisions\/104826"}],"wp:attachment":[{"href":"https:\/\/bethlehemgemeinde-meppen.de\/index.php?rest_route=%2Fwp%2Fv2%2Fmedia&parent=104808"}],"wp:term":[{"taxonomy":"category","embeddable":true,"href":"https:\/\/bethlehemgemeinde-meppen.de\/index.php?rest_route=%2Fwp%2Fv2%2Fcategories&post=104808"},{"taxonomy":"post_tag","embeddable":true,"href":"https:\/\/bethlehemgemeinde-meppen.de\/index.php?rest_route=%2Fwp%2Fv2%2Ftags&post=104808"}],"curies":[{"name":"wp","href":"https:\/\/api.w.org\/{rel}","templated":true}]}}