{"id":104696,"date":"2025-06-03T15:52:37","date_gmt":"2025-06-03T15:52:37","guid":{"rendered":"https:\/\/bethlehemgemeinde-meppen.de\/?p=104696"},"modified":"2025-06-04T10:29:23","modified_gmt":"2025-06-04T10:29:23","slug":"osterfruehgottesdienst","status":"publish","type":"post","link":"https:\/\/bethlehemgemeinde-meppen.de\/?p=104696","title":{"rendered":"Konfirmation und Osterfr\u00fchgottesdienst"},"content":{"rendered":"\t\t<div data-elementor-type=\"wp-post\" data-elementor-id=\"104696\" class=\"elementor elementor-104696\" data-elementor-post-type=\"post\">\n\t\t\t\t\t\t<section class=\"elementor-section elementor-top-section elementor-element elementor-element-65fed02 elementor-section-boxed elementor-section-height-default elementor-section-height-default\" data-id=\"65fed02\" data-element_type=\"section\" data-e-type=\"section\" data-settings=\"{&quot;ekit_has_onepagescroll_dot&quot;:&quot;yes&quot;}\">\n\t\t\t\t\t\t<div class=\"elementor-container elementor-column-gap-default\">\n\t\t\t\t\t<div class=\"elementor-column elementor-col-100 elementor-top-column elementor-element elementor-element-dbe6e43\" data-id=\"dbe6e43\" data-element_type=\"column\" data-e-type=\"column\">\n\t\t\t<div class=\"elementor-widget-wrap elementor-element-populated\">\n\t\t\t\t\t\t<div class=\"elementor-element elementor-element-47a057c elementor-widget elementor-widget-text-editor\" data-id=\"47a057c\" data-element_type=\"widget\" data-e-type=\"widget\" data-settings=\"{&quot;ekit_we_effect_on&quot;:&quot;none&quot;}\" data-widget_type=\"text-editor.default\">\n\t\t\t\t<div class=\"elementor-widget-container\">\n\t\t\t\t\t\t\t\t\t<h4 class=\"entry-title\"><strong>Konfirmation am 18. Mai 2025<\/strong><\/h4><p>Am 18. Mai war es so weit und unsere diesj\u00e4hrigen Konfirmandinnen und Konfirmanden hatten ihren \u201egro\u00dfen Tag\u201c. Wir w\u00fcnschen euch alles Gute auf eurem weiteren Lebensweg und freuen uns \u00fcber euer Interesse, euch in der Kirche und Gemeinde zu engagieren.<\/p>\t\t\t\t\t\t\t\t<\/div>\n\t\t\t\t<\/div>\n\t\t\t\t\t<\/div>\n\t\t<\/div>\n\t\t\t\t\t<\/div>\n\t\t<\/section>\n\t\t\t\t<section class=\"elementor-section elementor-top-section elementor-element elementor-element-1a31470 elementor-section-boxed elementor-section-height-default elementor-section-height-default\" data-id=\"1a31470\" data-element_type=\"section\" data-e-type=\"section\" data-settings=\"{&quot;ekit_has_onepagescroll_dot&quot;:&quot;yes&quot;}\">\n\t\t\t\t\t\t<div class=\"elementor-container elementor-column-gap-default\">\n\t\t\t\t\t<div class=\"elementor-column elementor-col-100 elementor-top-column elementor-element elementor-element-f561af8\" data-id=\"f561af8\" data-element_type=\"column\" data-e-type=\"column\">\n\t\t\t<div class=\"elementor-widget-wrap elementor-element-populated\">\n\t\t\t\t\t\t<div class=\"elementor-element elementor-element-02b127f elementor-widget-divider--view-line elementor-widget elementor-widget-divider\" data-id=\"02b127f\" data-element_type=\"widget\" data-e-type=\"widget\" data-settings=\"{&quot;ekit_we_effect_on&quot;:&quot;none&quot;}\" data-widget_type=\"divider.default\">\n\t\t\t\t<div class=\"elementor-widget-container\">\n\t\t\t\t\t\t\t<div class=\"elementor-divider\">\n\t\t\t<span class=\"elementor-divider-separator\">\n\t\t\t\t\t\t<\/span>\n\t\t<\/div>\n\t\t\t\t\t\t<\/div>\n\t\t\t\t<\/div>\n\t\t\t\t\t<\/div>\n\t\t<\/div>\n\t\t\t\t\t<\/div>\n\t\t<\/section>\n\t\t\t\t<section class=\"elementor-section elementor-top-section elementor-element elementor-element-6629815 elementor-section-boxed elementor-section-height-default elementor-section-height-default\" data-id=\"6629815\" data-element_type=\"section\" data-e-type=\"section\" data-settings=\"{&quot;ekit_has_onepagescroll_dot&quot;:&quot;yes&quot;}\">\n\t\t\t\t\t\t<div class=\"elementor-container elementor-column-gap-default\">\n\t\t\t\t\t<div class=\"elementor-column elementor-col-100 elementor-top-column elementor-element elementor-element-0baaf73\" data-id=\"0baaf73\" data-element_type=\"column\" data-e-type=\"column\">\n\t\t\t<div class=\"elementor-widget-wrap elementor-element-populated\">\n\t\t\t\t\t\t<div class=\"elementor-element elementor-element-d028288 elementor-widget elementor-widget-text-editor\" data-id=\"d028288\" data-element_type=\"widget\" data-e-type=\"widget\" data-settings=\"{&quot;ekit_we_effect_on&quot;:&quot;none&quot;}\" data-widget_type=\"text-editor.default\">\n\t\t\t\t<div class=\"elementor-widget-container\">\n\t\t\t\t\t\t\t\t\t<h4 class=\"entry-title\"><strong>Osterfr\u00fchgottesdienst<\/strong><\/h4><p>Auch in diesem Jahr trafen wir uns um 6.30 Uhr im Hof zwischen\u00a0 Bethlehemkirche und Albert-Schweitzer-Haus, um am Feuer die neue Osterkerze anzuz\u00fcnden.<\/p><p>Ungef\u00e4hr 30 Personen hatten sich an diesem stimmungsvollen Ostermorgen auf den Weg gemacht, um drau\u00dfen den Gottesdienst zu beginnen und dann hinter dem Vortragekreuz und der Osterkerze in die noch dunkle Kirche einzuziehen mit dem Liedruf:\u00a0 \u201eZu dunkler Nacht wollen wir ziehen, lebendiges Wasser finden.\u201c<\/p><p>Die Osterkerze wurde bis in den Eingangsbereich der Kirche getragen, die Besucher nahmen in den ersten Bankreihen Platz.<\/p><p>Es folgten Lesung und Gebet mit dem Ruf \u201eChristus unser Licht\u201c und der Antwort \u201eGelobt sei Gott\u201c.<\/p><p>Dann wurde die Kerze bis zum Taufbecken getragen und weiter bis zum Leuchter. Mit dem solistisch gesungenen Osterlob fand sie dort ihren Platz, wo sie bis zum n\u00e4chsten Karfreitag jeden Sonntag brennen wird.<\/p><p>Mit kleinen Osterkerzen haben wir das Licht einander weitergegeben.<\/p><p>Zur Tauferinnerung wurde eingeladen, und nach dem Lesen des Osterevangeliums erklangen die Kirchenglocken; w\u00e4hrenddessen wurden der Altar eingedeckt und die Kerzen angez\u00fcndet, und noch in das L\u00e4uten hinein sangen wir \u201eChrist ist erstanden\u2026.\u201c und stimmten \u00f6sterlich beschwingt in das nun wieder fr\u00f6hlich erklingende Halleluja ein.<\/p><p>Nach der Feier des Heiligen Abendmahls und dem Segen w\u00fcnschten wir uns \u201eFrohe Ostern\u201c und freuten uns auf das gemeinsame Osterfr\u00fchst\u00fcck im Albert-Schweitzer-Haus.<\/p><p>Charlotte Stellmacher<\/p>\t\t\t\t\t\t\t\t<\/div>\n\t\t\t\t<\/div>\n\t\t\t\t\t<\/div>\n\t\t<\/div>\n\t\t\t\t\t<\/div>\n\t\t<\/section>\n\t\t\t\t<section class=\"elementor-section elementor-top-section elementor-element elementor-element-ec35104 elementor-section-boxed elementor-section-height-default elementor-section-height-default\" data-id=\"ec35104\" data-element_type=\"section\" data-e-type=\"section\" data-settings=\"{&quot;ekit_has_onepagescroll_dot&quot;:&quot;yes&quot;}\">\n\t\t\t\t\t\t<div class=\"elementor-container elementor-column-gap-default\">\n\t\t\t\t\t<div class=\"elementor-column elementor-col-100 elementor-top-column elementor-element elementor-element-c991ca7\" data-id=\"c991ca7\" data-element_type=\"column\" data-e-type=\"column\">\n\t\t\t<div class=\"elementor-widget-wrap elementor-element-populated\">\n\t\t\t\t\t\t<div class=\"elementor-element elementor-element-28113a0 elementor-widget elementor-widget-image-gallery\" data-id=\"28113a0\" data-element_type=\"widget\" data-e-type=\"widget\" data-settings=\"{&quot;ekit_we_effect_on&quot;:&quot;none&quot;}\" data-widget_type=\"image-gallery.default\">\n\t\t\t\t<div class=\"elementor-widget-container\">\n\t\t\t\t\t\t\t<div class=\"elementor-image-gallery\">\n\t\t\t<div id='gallery-1' class='gallery galleryid-104696 gallery-columns-3 gallery-size-medium'><figure class='gallery-item'>\n\t\t\t<div class='gallery-icon landscape'>\n\t\t\t\t<a data-elementor-open-lightbox=\"yes\" data-elementor-lightbox-slideshow=\"28113a0\" data-elementor-lightbox-title=\"IMG-20250420-WA0015\" data-e-action-hash=\"#elementor-action%3Aaction%3Dlightbox%26settings%3DeyJpZCI6MTA0Njk4LCJ1cmwiOiJodHRwczpcL1wvYmV0aGxlaGVtZ2VtZWluZGUtbWVwcGVuLmRlXC93cC1jb250ZW50XC91cGxvYWRzXC8yMDI1XC8wNlwvSU1HLTIwMjUwNDIwLVdBMDAxNS5qcGciLCJzbGlkZXNob3ciOiIyODExM2EwIn0%3D\" href='https:\/\/bethlehemgemeinde-meppen.de\/wp-content\/uploads\/2025\/06\/IMG-20250420-WA0015.jpg'><img fetchpriority=\"high\" decoding=\"async\" width=\"300\" height=\"225\" src=\"https:\/\/bethlehemgemeinde-meppen.de\/wp-content\/uploads\/2025\/06\/IMG-20250420-WA0015-300x225.jpg\" class=\"attachment-medium size-medium\" alt=\"\" srcset=\"https:\/\/bethlehemgemeinde-meppen.de\/wp-content\/uploads\/2025\/06\/IMG-20250420-WA0015-300x225.jpg 300w, https:\/\/bethlehemgemeinde-meppen.de\/wp-content\/uploads\/2025\/06\/IMG-20250420-WA0015-1024x768.jpg 1024w, https:\/\/bethlehemgemeinde-meppen.de\/wp-content\/uploads\/2025\/06\/IMG-20250420-WA0015-768x576.jpg 768w, https:\/\/bethlehemgemeinde-meppen.de\/wp-content\/uploads\/2025\/06\/IMG-20250420-WA0015-1536x1152.jpg 1536w, https:\/\/bethlehemgemeinde-meppen.de\/wp-content\/uploads\/2025\/06\/IMG-20250420-WA0015.jpg 1600w\" sizes=\"(max-width: 300px) 100vw, 300px\" \/><\/a>\n\t\t\t<\/div><\/figure><figure class='gallery-item'>\n\t\t\t<div class='gallery-icon landscape'>\n\t\t\t\t<a data-elementor-open-lightbox=\"yes\" data-elementor-lightbox-slideshow=\"28113a0\" data-elementor-lightbox-title=\"IMG-20250420-WA0016\" data-e-action-hash=\"#elementor-action%3Aaction%3Dlightbox%26settings%3DeyJpZCI6MTA0Njk5LCJ1cmwiOiJodHRwczpcL1wvYmV0aGxlaGVtZ2VtZWluZGUtbWVwcGVuLmRlXC93cC1jb250ZW50XC91cGxvYWRzXC8yMDI1XC8wNlwvSU1HLTIwMjUwNDIwLVdBMDAxNi5qcGciLCJzbGlkZXNob3ciOiIyODExM2EwIn0%3D\" href='https:\/\/bethlehemgemeinde-meppen.de\/wp-content\/uploads\/2025\/06\/IMG-20250420-WA0016.jpg'><img decoding=\"async\" width=\"300\" height=\"225\" src=\"https:\/\/bethlehemgemeinde-meppen.de\/wp-content\/uploads\/2025\/06\/IMG-20250420-WA0016-300x225.jpg\" class=\"attachment-medium size-medium\" alt=\"\" srcset=\"https:\/\/bethlehemgemeinde-meppen.de\/wp-content\/uploads\/2025\/06\/IMG-20250420-WA0016-300x225.jpg 300w, https:\/\/bethlehemgemeinde-meppen.de\/wp-content\/uploads\/2025\/06\/IMG-20250420-WA0016-1024x768.jpg 1024w, https:\/\/bethlehemgemeinde-meppen.de\/wp-content\/uploads\/2025\/06\/IMG-20250420-WA0016-768x576.jpg 768w, https:\/\/bethlehemgemeinde-meppen.de\/wp-content\/uploads\/2025\/06\/IMG-20250420-WA0016-1536x1152.jpg 1536w, https:\/\/bethlehemgemeinde-meppen.de\/wp-content\/uploads\/2025\/06\/IMG-20250420-WA0016.jpg 1600w\" sizes=\"(max-width: 300px) 100vw, 300px\" \/><\/a>\n\t\t\t<\/div><\/figure><figure class='gallery-item'>\n\t\t\t<div class='gallery-icon portrait'>\n\t\t\t\t<a data-elementor-open-lightbox=\"yes\" data-elementor-lightbox-slideshow=\"28113a0\" data-elementor-lightbox-title=\"IMG-20250420-WA0017\" data-e-action-hash=\"#elementor-action%3Aaction%3Dlightbox%26settings%3DeyJpZCI6MTA0NzAwLCJ1cmwiOiJodHRwczpcL1wvYmV0aGxlaGVtZ2VtZWluZGUtbWVwcGVuLmRlXC93cC1jb250ZW50XC91cGxvYWRzXC8yMDI1XC8wNlwvSU1HLTIwMjUwNDIwLVdBMDAxNy5qcGciLCJzbGlkZXNob3ciOiIyODExM2EwIn0%3D\" href='https:\/\/bethlehemgemeinde-meppen.de\/wp-content\/uploads\/2025\/06\/IMG-20250420-WA0017.jpg'><img decoding=\"async\" width=\"225\" height=\"300\" src=\"https:\/\/bethlehemgemeinde-meppen.de\/wp-content\/uploads\/2025\/06\/IMG-20250420-WA0017-225x300.jpg\" class=\"attachment-medium size-medium\" alt=\"\" srcset=\"https:\/\/bethlehemgemeinde-meppen.de\/wp-content\/uploads\/2025\/06\/IMG-20250420-WA0017-225x300.jpg 225w, https:\/\/bethlehemgemeinde-meppen.de\/wp-content\/uploads\/2025\/06\/IMG-20250420-WA0017-768x1024.jpg 768w, https:\/\/bethlehemgemeinde-meppen.de\/wp-content\/uploads\/2025\/06\/IMG-20250420-WA0017-1152x1536.jpg 1152w, https:\/\/bethlehemgemeinde-meppen.de\/wp-content\/uploads\/2025\/06\/IMG-20250420-WA0017.jpg 1200w\" sizes=\"(max-width: 225px) 100vw, 225px\" \/><\/a>\n\t\t\t<\/div><\/figure><figure class='gallery-item'>\n\t\t\t<div class='gallery-icon landscape'>\n\t\t\t\t<a data-elementor-open-lightbox=\"yes\" data-elementor-lightbox-slideshow=\"28113a0\" data-elementor-lightbox-title=\"IMG-20250420-WA0018\" data-e-action-hash=\"#elementor-action%3Aaction%3Dlightbox%26settings%3DeyJpZCI6MTA0NzAxLCJ1cmwiOiJodHRwczpcL1wvYmV0aGxlaGVtZ2VtZWluZGUtbWVwcGVuLmRlXC93cC1jb250ZW50XC91cGxvYWRzXC8yMDI1XC8wNlwvSU1HLTIwMjUwNDIwLVdBMDAxOC5qcGciLCJzbGlkZXNob3ciOiIyODExM2EwIn0%3D\" href='https:\/\/bethlehemgemeinde-meppen.de\/wp-content\/uploads\/2025\/06\/IMG-20250420-WA0018.jpg'><img loading=\"lazy\" decoding=\"async\" width=\"300\" height=\"225\" src=\"https:\/\/bethlehemgemeinde-meppen.de\/wp-content\/uploads\/2025\/06\/IMG-20250420-WA0018-300x225.jpg\" class=\"attachment-medium size-medium\" alt=\"\" srcset=\"https:\/\/bethlehemgemeinde-meppen.de\/wp-content\/uploads\/2025\/06\/IMG-20250420-WA0018-300x225.jpg 300w, https:\/\/bethlehemgemeinde-meppen.de\/wp-content\/uploads\/2025\/06\/IMG-20250420-WA0018-1024x768.jpg 1024w, https:\/\/bethlehemgemeinde-meppen.de\/wp-content\/uploads\/2025\/06\/IMG-20250420-WA0018-768x576.jpg 768w, https:\/\/bethlehemgemeinde-meppen.de\/wp-content\/uploads\/2025\/06\/IMG-20250420-WA0018-1536x1152.jpg 1536w, https:\/\/bethlehemgemeinde-meppen.de\/wp-content\/uploads\/2025\/06\/IMG-20250420-WA0018.jpg 1600w\" sizes=\"(max-width: 300px) 100vw, 300px\" \/><\/a>\n\t\t\t<\/div><\/figure><figure class='gallery-item'>\n\t\t\t<div class='gallery-icon landscape'>\n\t\t\t\t<a data-elementor-open-lightbox=\"yes\" data-elementor-lightbox-slideshow=\"28113a0\" data-elementor-lightbox-title=\"IMG-20250420-WA0019\" data-e-action-hash=\"#elementor-action%3Aaction%3Dlightbox%26settings%3DeyJpZCI6MTA0NzAyLCJ1cmwiOiJodHRwczpcL1wvYmV0aGxlaGVtZ2VtZWluZGUtbWVwcGVuLmRlXC93cC1jb250ZW50XC91cGxvYWRzXC8yMDI1XC8wNlwvSU1HLTIwMjUwNDIwLVdBMDAxOS5qcGciLCJzbGlkZXNob3ciOiIyODExM2EwIn0%3D\" href='https:\/\/bethlehemgemeinde-meppen.de\/wp-content\/uploads\/2025\/06\/IMG-20250420-WA0019.jpg'><img loading=\"lazy\" decoding=\"async\" width=\"300\" height=\"225\" src=\"https:\/\/bethlehemgemeinde-meppen.de\/wp-content\/uploads\/2025\/06\/IMG-20250420-WA0019-300x225.jpg\" class=\"attachment-medium size-medium\" alt=\"\" srcset=\"https:\/\/bethlehemgemeinde-meppen.de\/wp-content\/uploads\/2025\/06\/IMG-20250420-WA0019-300x225.jpg 300w, https:\/\/bethlehemgemeinde-meppen.de\/wp-content\/uploads\/2025\/06\/IMG-20250420-WA0019-1024x768.jpg 1024w, https:\/\/bethlehemgemeinde-meppen.de\/wp-content\/uploads\/2025\/06\/IMG-20250420-WA0019-768x576.jpg 768w, https:\/\/bethlehemgemeinde-meppen.de\/wp-content\/uploads\/2025\/06\/IMG-20250420-WA0019-1536x1152.jpg 1536w, https:\/\/bethlehemgemeinde-meppen.de\/wp-content\/uploads\/2025\/06\/IMG-20250420-WA0019.jpg 1600w\" sizes=\"(max-width: 300px) 100vw, 300px\" \/><\/a>\n\t\t\t<\/div><\/figure><figure class='gallery-item'>\n\t\t\t<div class='gallery-icon portrait'>\n\t\t\t\t<a data-elementor-open-lightbox=\"yes\" data-elementor-lightbox-slideshow=\"28113a0\" data-elementor-lightbox-title=\"IMG-20250420-WA0020\" data-e-action-hash=\"#elementor-action%3Aaction%3Dlightbox%26settings%3DeyJpZCI6MTA0NzAzLCJ1cmwiOiJodHRwczpcL1wvYmV0aGxlaGVtZ2VtZWluZGUtbWVwcGVuLmRlXC93cC1jb250ZW50XC91cGxvYWRzXC8yMDI1XC8wNlwvSU1HLTIwMjUwNDIwLVdBMDAyMC5qcGciLCJzbGlkZXNob3ciOiIyODExM2EwIn0%3D\" href='https:\/\/bethlehemgemeinde-meppen.de\/wp-content\/uploads\/2025\/06\/IMG-20250420-WA0020.jpg'><img loading=\"lazy\" decoding=\"async\" width=\"225\" height=\"300\" src=\"https:\/\/bethlehemgemeinde-meppen.de\/wp-content\/uploads\/2025\/06\/IMG-20250420-WA0020-225x300.jpg\" class=\"attachment-medium size-medium\" alt=\"\" srcset=\"https:\/\/bethlehemgemeinde-meppen.de\/wp-content\/uploads\/2025\/06\/IMG-20250420-WA0020-225x300.jpg 225w, https:\/\/bethlehemgemeinde-meppen.de\/wp-content\/uploads\/2025\/06\/IMG-20250420-WA0020-768x1024.jpg 768w, https:\/\/bethlehemgemeinde-meppen.de\/wp-content\/uploads\/2025\/06\/IMG-20250420-WA0020-1152x1536.jpg 1152w, https:\/\/bethlehemgemeinde-meppen.de\/wp-content\/uploads\/2025\/06\/IMG-20250420-WA0020.jpg 1200w\" sizes=\"(max-width: 225px) 100vw, 225px\" \/><\/a>\n\t\t\t<\/div><\/figure><figure class='gallery-item'>\n\t\t\t<div class='gallery-icon landscape'>\n\t\t\t\t<a data-elementor-open-lightbox=\"yes\" data-elementor-lightbox-slideshow=\"28113a0\" data-elementor-lightbox-title=\"IMG-20250420-WA0021\" data-e-action-hash=\"#elementor-action%3Aaction%3Dlightbox%26settings%3DeyJpZCI6MTA0NzA0LCJ1cmwiOiJodHRwczpcL1wvYmV0aGxlaGVtZ2VtZWluZGUtbWVwcGVuLmRlXC93cC1jb250ZW50XC91cGxvYWRzXC8yMDI1XC8wNlwvSU1HLTIwMjUwNDIwLVdBMDAyMS5qcGciLCJzbGlkZXNob3ciOiIyODExM2EwIn0%3D\" href='https:\/\/bethlehemgemeinde-meppen.de\/wp-content\/uploads\/2025\/06\/IMG-20250420-WA0021.jpg'><img loading=\"lazy\" decoding=\"async\" width=\"300\" height=\"225\" src=\"https:\/\/bethlehemgemeinde-meppen.de\/wp-content\/uploads\/2025\/06\/IMG-20250420-WA0021-300x225.jpg\" class=\"attachment-medium size-medium\" alt=\"\" srcset=\"https:\/\/bethlehemgemeinde-meppen.de\/wp-content\/uploads\/2025\/06\/IMG-20250420-WA0021-300x225.jpg 300w, https:\/\/bethlehemgemeinde-meppen.de\/wp-content\/uploads\/2025\/06\/IMG-20250420-WA0021-1024x768.jpg 1024w, https:\/\/bethlehemgemeinde-meppen.de\/wp-content\/uploads\/2025\/06\/IMG-20250420-WA0021-768x576.jpg 768w, https:\/\/bethlehemgemeinde-meppen.de\/wp-content\/uploads\/2025\/06\/IMG-20250420-WA0021-1536x1152.jpg 1536w, https:\/\/bethlehemgemeinde-meppen.de\/wp-content\/uploads\/2025\/06\/IMG-20250420-WA0021.jpg 1600w\" sizes=\"(max-width: 300px) 100vw, 300px\" \/><\/a>\n\t\t\t<\/div><\/figure><figure class='gallery-item'>\n\t\t\t<div class='gallery-icon landscape'>\n\t\t\t\t<a data-elementor-open-lightbox=\"yes\" data-elementor-lightbox-slideshow=\"28113a0\" data-elementor-lightbox-title=\"IMG-20250420-WA0022\" data-e-action-hash=\"#elementor-action%3Aaction%3Dlightbox%26settings%3DeyJpZCI6MTA0NzA1LCJ1cmwiOiJodHRwczpcL1wvYmV0aGxlaGVtZ2VtZWluZGUtbWVwcGVuLmRlXC93cC1jb250ZW50XC91cGxvYWRzXC8yMDI1XC8wNlwvSU1HLTIwMjUwNDIwLVdBMDAyMi5qcGciLCJzbGlkZXNob3ciOiIyODExM2EwIn0%3D\" href='https:\/\/bethlehemgemeinde-meppen.de\/wp-content\/uploads\/2025\/06\/IMG-20250420-WA0022.jpg'><img loading=\"lazy\" decoding=\"async\" width=\"300\" height=\"225\" src=\"https:\/\/bethlehemgemeinde-meppen.de\/wp-content\/uploads\/2025\/06\/IMG-20250420-WA0022-300x225.jpg\" class=\"attachment-medium size-medium\" alt=\"\" srcset=\"https:\/\/bethlehemgemeinde-meppen.de\/wp-content\/uploads\/2025\/06\/IMG-20250420-WA0022-300x225.jpg 300w, https:\/\/bethlehemgemeinde-meppen.de\/wp-content\/uploads\/2025\/06\/IMG-20250420-WA0022-1024x768.jpg 1024w, https:\/\/bethlehemgemeinde-meppen.de\/wp-content\/uploads\/2025\/06\/IMG-20250420-WA0022-768x576.jpg 768w, https:\/\/bethlehemgemeinde-meppen.de\/wp-content\/uploads\/2025\/06\/IMG-20250420-WA0022-1536x1152.jpg 1536w, https:\/\/bethlehemgemeinde-meppen.de\/wp-content\/uploads\/2025\/06\/IMG-20250420-WA0022.jpg 1600w\" sizes=\"(max-width: 300px) 100vw, 300px\" \/><\/a>\n\t\t\t<\/div><\/figure><figure class='gallery-item'>\n\t\t\t<div class='gallery-icon landscape'>\n\t\t\t\t<a data-elementor-open-lightbox=\"yes\" data-elementor-lightbox-slideshow=\"28113a0\" data-elementor-lightbox-title=\"IMG-20250420-WA0023\" data-e-action-hash=\"#elementor-action%3Aaction%3Dlightbox%26settings%3DeyJpZCI6MTA0NzA2LCJ1cmwiOiJodHRwczpcL1wvYmV0aGxlaGVtZ2VtZWluZGUtbWVwcGVuLmRlXC93cC1jb250ZW50XC91cGxvYWRzXC8yMDI1XC8wNlwvSU1HLTIwMjUwNDIwLVdBMDAyMy5qcGciLCJzbGlkZXNob3ciOiIyODExM2EwIn0%3D\" href='https:\/\/bethlehemgemeinde-meppen.de\/wp-content\/uploads\/2025\/06\/IMG-20250420-WA0023.jpg'><img loading=\"lazy\" decoding=\"async\" width=\"300\" height=\"225\" src=\"https:\/\/bethlehemgemeinde-meppen.de\/wp-content\/uploads\/2025\/06\/IMG-20250420-WA0023-300x225.jpg\" class=\"attachment-medium size-medium\" alt=\"\" srcset=\"https:\/\/bethlehemgemeinde-meppen.de\/wp-content\/uploads\/2025\/06\/IMG-20250420-WA0023-300x225.jpg 300w, https:\/\/bethlehemgemeinde-meppen.de\/wp-content\/uploads\/2025\/06\/IMG-20250420-WA0023-1024x768.jpg 1024w, https:\/\/bethlehemgemeinde-meppen.de\/wp-content\/uploads\/2025\/06\/IMG-20250420-WA0023-768x576.jpg 768w, https:\/\/bethlehemgemeinde-meppen.de\/wp-content\/uploads\/2025\/06\/IMG-20250420-WA0023-1536x1152.jpg 1536w, https:\/\/bethlehemgemeinde-meppen.de\/wp-content\/uploads\/2025\/06\/IMG-20250420-WA0023.jpg 1600w\" sizes=\"(max-width: 300px) 100vw, 300px\" \/><\/a>\n\t\t\t<\/div><\/figure><figure class='gallery-item'>\n\t\t\t<div class='gallery-icon landscape'>\n\t\t\t\t<a data-elementor-open-lightbox=\"yes\" data-elementor-lightbox-slideshow=\"28113a0\" data-elementor-lightbox-title=\"IMG-20250420-WA0024\" data-e-action-hash=\"#elementor-action%3Aaction%3Dlightbox%26settings%3DeyJpZCI6MTA0NzA3LCJ1cmwiOiJodHRwczpcL1wvYmV0aGxlaGVtZ2VtZWluZGUtbWVwcGVuLmRlXC93cC1jb250ZW50XC91cGxvYWRzXC8yMDI1XC8wNlwvSU1HLTIwMjUwNDIwLVdBMDAyNC5qcGciLCJzbGlkZXNob3ciOiIyODExM2EwIn0%3D\" href='https:\/\/bethlehemgemeinde-meppen.de\/wp-content\/uploads\/2025\/06\/IMG-20250420-WA0024.jpg'><img loading=\"lazy\" decoding=\"async\" width=\"300\" height=\"225\" src=\"https:\/\/bethlehemgemeinde-meppen.de\/wp-content\/uploads\/2025\/06\/IMG-20250420-WA0024-300x225.jpg\" class=\"attachment-medium size-medium\" alt=\"\" srcset=\"https:\/\/bethlehemgemeinde-meppen.de\/wp-content\/uploads\/2025\/06\/IMG-20250420-WA0024-300x225.jpg 300w, https:\/\/bethlehemgemeinde-meppen.de\/wp-content\/uploads\/2025\/06\/IMG-20250420-WA0024-1024x768.jpg 1024w, https:\/\/bethlehemgemeinde-meppen.de\/wp-content\/uploads\/2025\/06\/IMG-20250420-WA0024-768x576.jpg 768w, https:\/\/bethlehemgemeinde-meppen.de\/wp-content\/uploads\/2025\/06\/IMG-20250420-WA0024-1536x1152.jpg 1536w, https:\/\/bethlehemgemeinde-meppen.de\/wp-content\/uploads\/2025\/06\/IMG-20250420-WA0024.jpg 1600w\" sizes=\"(max-width: 300px) 100vw, 300px\" \/><\/a>\n\t\t\t<\/div><\/figure><figure class='gallery-item'>\n\t\t\t<div class='gallery-icon landscape'>\n\t\t\t\t<a data-elementor-open-lightbox=\"yes\" data-elementor-lightbox-slideshow=\"28113a0\" data-elementor-lightbox-title=\"IMG-20250420-WA0025\" data-e-action-hash=\"#elementor-action%3Aaction%3Dlightbox%26settings%3DeyJpZCI6MTA0NzA4LCJ1cmwiOiJodHRwczpcL1wvYmV0aGxlaGVtZ2VtZWluZGUtbWVwcGVuLmRlXC93cC1jb250ZW50XC91cGxvYWRzXC8yMDI1XC8wNlwvSU1HLTIwMjUwNDIwLVdBMDAyNS5qcGciLCJzbGlkZXNob3ciOiIyODExM2EwIn0%3D\" href='https:\/\/bethlehemgemeinde-meppen.de\/wp-content\/uploads\/2025\/06\/IMG-20250420-WA0025.jpg'><img loading=\"lazy\" decoding=\"async\" width=\"300\" height=\"225\" src=\"https:\/\/bethlehemgemeinde-meppen.de\/wp-content\/uploads\/2025\/06\/IMG-20250420-WA0025-300x225.jpg\" class=\"attachment-medium size-medium\" alt=\"\" srcset=\"https:\/\/bethlehemgemeinde-meppen.de\/wp-content\/uploads\/2025\/06\/IMG-20250420-WA0025-300x225.jpg 300w, https:\/\/bethlehemgemeinde-meppen.de\/wp-content\/uploads\/2025\/06\/IMG-20250420-WA0025-1024x768.jpg 1024w, https:\/\/bethlehemgemeinde-meppen.de\/wp-content\/uploads\/2025\/06\/IMG-20250420-WA0025-768x576.jpg 768w, https:\/\/bethlehemgemeinde-meppen.de\/wp-content\/uploads\/2025\/06\/IMG-20250420-WA0025-1536x1152.jpg 1536w, https:\/\/bethlehemgemeinde-meppen.de\/wp-content\/uploads\/2025\/06\/IMG-20250420-WA0025.jpg 1600w\" sizes=\"(max-width: 300px) 100vw, 300px\" \/><\/a>\n\t\t\t<\/div><\/figure><figure class='gallery-item'>\n\t\t\t<div class='gallery-icon landscape'>\n\t\t\t\t<a data-elementor-open-lightbox=\"yes\" data-elementor-lightbox-slideshow=\"28113a0\" data-elementor-lightbox-title=\"IMG-20250420-WA0026\" data-e-action-hash=\"#elementor-action%3Aaction%3Dlightbox%26settings%3DeyJpZCI6MTA0NzA5LCJ1cmwiOiJodHRwczpcL1wvYmV0aGxlaGVtZ2VtZWluZGUtbWVwcGVuLmRlXC93cC1jb250ZW50XC91cGxvYWRzXC8yMDI1XC8wNlwvSU1HLTIwMjUwNDIwLVdBMDAyNi5qcGciLCJzbGlkZXNob3ciOiIyODExM2EwIn0%3D\" href='https:\/\/bethlehemgemeinde-meppen.de\/wp-content\/uploads\/2025\/06\/IMG-20250420-WA0026.jpg'><img loading=\"lazy\" decoding=\"async\" width=\"300\" height=\"225\" src=\"https:\/\/bethlehemgemeinde-meppen.de\/wp-content\/uploads\/2025\/06\/IMG-20250420-WA0026-300x225.jpg\" class=\"attachment-medium size-medium\" alt=\"\" srcset=\"https:\/\/bethlehemgemeinde-meppen.de\/wp-content\/uploads\/2025\/06\/IMG-20250420-WA0026-300x225.jpg 300w, https:\/\/bethlehemgemeinde-meppen.de\/wp-content\/uploads\/2025\/06\/IMG-20250420-WA0026-1024x768.jpg 1024w, https:\/\/bethlehemgemeinde-meppen.de\/wp-content\/uploads\/2025\/06\/IMG-20250420-WA0026-768x576.jpg 768w, https:\/\/bethlehemgemeinde-meppen.de\/wp-content\/uploads\/2025\/06\/IMG-20250420-WA0026-1536x1152.jpg 1536w, https:\/\/bethlehemgemeinde-meppen.de\/wp-content\/uploads\/2025\/06\/IMG-20250420-WA0026.jpg 1600w\" sizes=\"(max-width: 300px) 100vw, 300px\" \/><\/a>\n\t\t\t<\/div><\/figure><figure class='gallery-item'>\n\t\t\t<div class='gallery-icon landscape'>\n\t\t\t\t<a data-elementor-open-lightbox=\"yes\" data-elementor-lightbox-slideshow=\"28113a0\" data-elementor-lightbox-title=\"IMG-20250420-WA0027\" data-e-action-hash=\"#elementor-action%3Aaction%3Dlightbox%26settings%3DeyJpZCI6MTA0NzEwLCJ1cmwiOiJodHRwczpcL1wvYmV0aGxlaGVtZ2VtZWluZGUtbWVwcGVuLmRlXC93cC1jb250ZW50XC91cGxvYWRzXC8yMDI1XC8wNlwvSU1HLTIwMjUwNDIwLVdBMDAyNy5qcGciLCJzbGlkZXNob3ciOiIyODExM2EwIn0%3D\" href='https:\/\/bethlehemgemeinde-meppen.de\/wp-content\/uploads\/2025\/06\/IMG-20250420-WA0027.jpg'><img loading=\"lazy\" decoding=\"async\" width=\"300\" height=\"225\" src=\"https:\/\/bethlehemgemeinde-meppen.de\/wp-content\/uploads\/2025\/06\/IMG-20250420-WA0027-300x225.jpg\" class=\"attachment-medium size-medium\" alt=\"\" srcset=\"https:\/\/bethlehemgemeinde-meppen.de\/wp-content\/uploads\/2025\/06\/IMG-20250420-WA0027-300x225.jpg 300w, https:\/\/bethlehemgemeinde-meppen.de\/wp-content\/uploads\/2025\/06\/IMG-20250420-WA0027-1024x768.jpg 1024w, https:\/\/bethlehemgemeinde-meppen.de\/wp-content\/uploads\/2025\/06\/IMG-20250420-WA0027-768x576.jpg 768w, https:\/\/bethlehemgemeinde-meppen.de\/wp-content\/uploads\/2025\/06\/IMG-20250420-WA0027-1536x1152.jpg 1536w, https:\/\/bethlehemgemeinde-meppen.de\/wp-content\/uploads\/2025\/06\/IMG-20250420-WA0027.jpg 1600w\" sizes=\"(max-width: 300px) 100vw, 300px\" \/><\/a>\n\t\t\t<\/div><\/figure><figure class='gallery-item'>\n\t\t\t<div class='gallery-icon landscape'>\n\t\t\t\t<a data-elementor-open-lightbox=\"yes\" data-elementor-lightbox-slideshow=\"28113a0\" data-elementor-lightbox-title=\"IMG-20250420-WA0028\" data-e-action-hash=\"#elementor-action%3Aaction%3Dlightbox%26settings%3DeyJpZCI6MTA0NzExLCJ1cmwiOiJodHRwczpcL1wvYmV0aGxlaGVtZ2VtZWluZGUtbWVwcGVuLmRlXC93cC1jb250ZW50XC91cGxvYWRzXC8yMDI1XC8wNlwvSU1HLTIwMjUwNDIwLVdBMDAyOC5qcGciLCJzbGlkZXNob3ciOiIyODExM2EwIn0%3D\" href='https:\/\/bethlehemgemeinde-meppen.de\/wp-content\/uploads\/2025\/06\/IMG-20250420-WA0028.jpg'><img loading=\"lazy\" decoding=\"async\" width=\"300\" height=\"225\" src=\"https:\/\/bethlehemgemeinde-meppen.de\/wp-content\/uploads\/2025\/06\/IMG-20250420-WA0028-300x225.jpg\" class=\"attachment-medium size-medium\" alt=\"\" srcset=\"https:\/\/bethlehemgemeinde-meppen.de\/wp-content\/uploads\/2025\/06\/IMG-20250420-WA0028-300x225.jpg 300w, https:\/\/bethlehemgemeinde-meppen.de\/wp-content\/uploads\/2025\/06\/IMG-20250420-WA0028-1024x768.jpg 1024w, https:\/\/bethlehemgemeinde-meppen.de\/wp-content\/uploads\/2025\/06\/IMG-20250420-WA0028-768x576.jpg 768w, https:\/\/bethlehemgemeinde-meppen.de\/wp-content\/uploads\/2025\/06\/IMG-20250420-WA0028-1536x1152.jpg 1536w, https:\/\/bethlehemgemeinde-meppen.de\/wp-content\/uploads\/2025\/06\/IMG-20250420-WA0028.jpg 1600w\" sizes=\"(max-width: 300px) 100vw, 300px\" \/><\/a>\n\t\t\t<\/div><\/figure>\n\t\t<\/div>\n\t\t<\/div>\n\t\t\t\t\t\t<\/div>\n\t\t\t\t<\/div>\n\t\t\t\t\t<\/div>\n\t\t<\/div>\n\t\t\t\t\t<\/div>\n\t\t<\/section>\n\t\t\t\t<\/div>\n\t\t","protected":false},"excerpt":{"rendered":"<p>Konfirmation am 18. Mai 2025 Am 18. Mai war es so weit und unsere diesj\u00e4hrigen Konfirmandinnen und Konfirmanden hatten ihren \u201egro\u00dfen Tag\u201c. Wir w\u00fcnschen euch alles Gute auf eurem weiteren Lebensweg und freuen uns \u00fcber euer Interesse, euch in der Kirche und Gemeinde zu engagieren. Osterfr\u00fchgottesdienst Auch in diesem Jahr trafen wir uns um 6.30 &#8230; <a title=\"Konfirmation und Osterfr\u00fchgottesdienst\" class=\"read-more\" href=\"https:\/\/bethlehemgemeinde-meppen.de\/?p=104696\" aria-label=\"Mehr Informationen \u00fcber Konfirmation und Osterfr\u00fchgottesdienst\">Weiterlesen<\/a><\/p>\n","protected":false},"author":2,"featured_media":104677,"comment_status":"closed","ping_status":"closed","sticky":false,"template":"","format":"standard","meta":{"footnotes":""},"categories":[118,2,6],"tags":[],"class_list":["post-104696","post","type-post","status-publish","format-standard","has-post-thumbnail","hentry","category-118","category-news-and-events","category-bethlehemgemeinde"],"_links":{"self":[{"href":"https:\/\/bethlehemgemeinde-meppen.de\/index.php?rest_route=\/wp\/v2\/posts\/104696","targetHints":{"allow":["GET"]}}],"collection":[{"href":"https:\/\/bethlehemgemeinde-meppen.de\/index.php?rest_route=\/wp\/v2\/posts"}],"about":[{"href":"https:\/\/bethlehemgemeinde-meppen.de\/index.php?rest_route=\/wp\/v2\/types\/post"}],"author":[{"embeddable":true,"href":"https:\/\/bethlehemgemeinde-meppen.de\/index.php?rest_route=\/wp\/v2\/users\/2"}],"replies":[{"embeddable":true,"href":"https:\/\/bethlehemgemeinde-meppen.de\/index.php?rest_route=%2Fwp%2Fv2%2Fcomments&post=104696"}],"version-history":[{"count":8,"href":"https:\/\/bethlehemgemeinde-meppen.de\/index.php?rest_route=\/wp\/v2\/posts\/104696\/revisions"}],"predecessor-version":[{"id":104781,"href":"https:\/\/bethlehemgemeinde-meppen.de\/index.php?rest_route=\/wp\/v2\/posts\/104696\/revisions\/104781"}],"wp:featuredmedia":[{"embeddable":true,"href":"https:\/\/bethlehemgemeinde-meppen.de\/index.php?rest_route=\/wp\/v2\/media\/104677"}],"wp:attachment":[{"href":"https:\/\/bethlehemgemeinde-meppen.de\/index.php?rest_route=%2Fwp%2Fv2%2Fmedia&parent=104696"}],"wp:term":[{"taxonomy":"category","embeddable":true,"href":"https:\/\/bethlehemgemeinde-meppen.de\/index.php?rest_route=%2Fwp%2Fv2%2Fcategories&post=104696"},{"taxonomy":"post_tag","embeddable":true,"href":"https:\/\/bethlehemgemeinde-meppen.de\/index.php?rest_route=%2Fwp%2Fv2%2Ftags&post=104696"}],"curies":[{"name":"wp","href":"https:\/\/api.w.org\/{rel}","templated":true}]}}