{"id":104166,"date":"2024-11-27T11:22:55","date_gmt":"2024-11-27T11:22:55","guid":{"rendered":"https:\/\/bethlehemgemeinde.online\/?p=104166"},"modified":"2024-12-23T17:01:49","modified_gmt":"2024-12-23T17:01:49","slug":"geistliches-wort-4","status":"publish","type":"post","link":"https:\/\/bethlehemgemeinde-meppen.de\/?p=104166","title":{"rendered":"Geistliches Wort"},"content":{"rendered":"\t\t<div data-elementor-type=\"wp-post\" data-elementor-id=\"104166\" class=\"elementor elementor-104166\" data-elementor-post-type=\"post\">\n\t\t\t\t\t\t<section class=\"elementor-section elementor-top-section elementor-element elementor-element-bdeacd2 elementor-section-boxed elementor-section-height-default elementor-section-height-default\" data-id=\"bdeacd2\" data-element_type=\"section\" data-e-type=\"section\" data-settings=\"{&quot;ekit_has_onepagescroll_dot&quot;:&quot;yes&quot;}\">\n\t\t\t\t\t\t<div class=\"elementor-container elementor-column-gap-default\">\n\t\t\t\t\t<div class=\"elementor-column elementor-col-100 elementor-top-column elementor-element elementor-element-0beb5ed\" data-id=\"0beb5ed\" data-element_type=\"column\" data-e-type=\"column\">\n\t\t\t<div class=\"elementor-widget-wrap elementor-element-populated\">\n\t\t\t\t\t\t<div class=\"elementor-element elementor-element-5e42363 elementor-widget elementor-widget-text-editor\" data-id=\"5e42363\" data-element_type=\"widget\" data-e-type=\"widget\" data-settings=\"{&quot;ekit_we_effect_on&quot;:&quot;none&quot;}\" data-widget_type=\"text-editor.default\">\n\t\t\t\t<div class=\"elementor-widget-container\">\n\t\t\t\t\t\t\t\t\t<p><img decoding=\"async\" class=\"alignleft size-medium wp-image-103791\" src=\"https:\/\/bethlehemgemeinde-meppen.de\/wp-content\/uploads\/2024\/06\/liebegemeinde-300x69.gif\" alt=\"\" width=\"300\" height=\"69\" \/><\/p><p>Im September habe ich einen anonymen Brief erhalten. Die Frau, die ihn geschrieben hat, hat mich dazu aufgefordert, k\u00fcnftig in der Predigt nicht Stellung zu beziehen, was die schwierigen und heiklen Fragen der Politik angeht. Als Beispiel f\u00fcr die Politik hat sie die Haltung zum Krieg Russlands gegen die Ukraine genannt. In unserer Bethlehemgemeinde gebe es viele Gemeindeglieder, die eine andere Sichtweise und Meinung als ich haben. Und schlie\u00dflich sei die Feier eines Gottesdienstes keine Sitzung im Europaparlament.<\/p><p>An diesem anonymen Brief ist f\u00fcr mich deutlich geworden, dass wir in der Kirche und in unserer Gemeinde mit Menschen verbunden sind,<\/p><ul><li>die zwar nicht Gott und die Welt, aber doch Kirche und Politik getrennt sehen,<\/li><li>die \u2013 wie allerdings ich selbst auch \u2013 ein ruhiges und stilles Leben in aller Gottseligkeit und Ehrbarkeit f\u00fchren (1Tim 2,2) und<\/li><li>die die aktuell dr\u00e4ngenden Themen, Streit und Krieg gern ausklammern m\u00f6chten aus dem Sonntagsgottesdienst oder \u00fcberhaupt aus dem Gemeindeleben.<\/li><\/ul><p>In der <strong>Jahreslosung f\u00fcr das Jahr 2025 <\/strong>r\u00e4t der Apostel Paulus den Christinnen und Christen in Thessalonich: <strong>Pr\u00fcfet alles und behaltet das Gute! (1Thess 5,21)<\/strong>Der Hintergrund dieses Ratschlags, der sich auf das Jahr 49 n. Chr. datieren l\u00e4sst und also zur \u00e4ltesten Korrespondenz des gesamten Neuen Testaments geh\u00f6rt, ist folgender: Einige in der Gemeinde haben die Gabe der prophetischen Rede. Wenn die Gemeinde zum Gottesdienst zusammenkommt, dann predigen sie und richten Gottes Wort aus. Wom\u00f6glich haben auch diese Stimmen anderen in der Gemeinde nicht gefallen, vielleicht sogar dem Paulus nicht. Wie man den Glauben leben und die Kirche gestalten soll, ist damals schon strittig. Trotzdem ermutigt Paulus die Gemeinde, wenn er schreibt am Ende seines Briefes:<\/p><ul><li>\u201eDen Geist l\u00f6scht nicht aus!\u201c (1Thess 5,19)<\/li><li>\u201eProphetische Rede verachtet nicht!\u201c (1Thess 5,20)<\/li><li>\u201ePr\u00fcfet aber alles, das Gute behaltet!\u201c (1Thess 5,21)<\/li><\/ul><p>F\u00fcr mich ist die Jahreslosung eine Ermutigung zum Gespr\u00e4ch:<\/p><ul><li>Gut ist die Rede und Predigt, die die Gemeinde aufbaut.<\/li><li>Was gut und was schlecht ist, das muss man offen miteinander diskutieren!<\/li><li>Sosehr der Glaube ein Gef\u00fchl oder sogar ein Wohlgef\u00fchl ist, sosehr brauchen wir auch unsere Vernunft, um ihn in dieser unvern\u00fcnftigen Welt miteinander zu teilen.<\/li><\/ul><p>Was ist Deine Meinung? Ich freue mich \u00fcber namentlich verantwortete Beitr\u00e4ge.<\/p><p>Freundlich gr\u00fc\u00dft die Briefschreiberin und Sie und Euch alle mit guten W\u00fcnschen zum neuen Kirchen- und Kalenderjahr<\/p><p><img decoding=\"async\" class=\"alignleft size-full wp-image-103655\" src=\"https:\/\/bethlehemgemeinde-meppen.de\/wp-content\/uploads\/2024\/02\/unterschrift.gif\" alt=\"\" width=\"266\" height=\"55\" \/><\/p>\t\t\t\t\t\t\t\t<\/div>\n\t\t\t\t<\/div>\n\t\t\t\t\t<\/div>\n\t\t<\/div>\n\t\t\t\t\t<\/div>\n\t\t<\/section>\n\t\t\t\t<section class=\"elementor-section elementor-top-section elementor-element elementor-element-96bd6db elementor-section-boxed elementor-section-height-default elementor-section-height-default\" data-id=\"96bd6db\" data-element_type=\"section\" data-e-type=\"section\" data-settings=\"{&quot;ekit_has_onepagescroll_dot&quot;:&quot;yes&quot;}\">\n\t\t\t\t\t\t<div class=\"elementor-container elementor-column-gap-default\">\n\t\t\t\t\t<div class=\"elementor-column elementor-col-100 elementor-top-column elementor-element elementor-element-bcbb0e8\" data-id=\"bcbb0e8\" data-element_type=\"column\" data-e-type=\"column\">\n\t\t\t<div class=\"elementor-widget-wrap elementor-element-populated\">\n\t\t\t\t\t\t<div class=\"elementor-element elementor-element-9fd97d3 elementor-widget elementor-widget-image\" data-id=\"9fd97d3\" data-element_type=\"widget\" data-e-type=\"widget\" data-settings=\"{&quot;ekit_we_effect_on&quot;:&quot;none&quot;}\" data-widget_type=\"image.default\">\n\t\t\t\t<div class=\"elementor-widget-container\">\n\t\t\t\t\t\t\t\t\t\t\t\t\t\t\t<img fetchpriority=\"high\" decoding=\"async\" width=\"1024\" height=\"576\" src=\"https:\/\/bethlehemgemeinde-meppen.de\/wp-content\/uploads\/2024\/12\/Ev.-luth.-Bethlehemgeminde-Meppen-16-1024x576.jpg\" class=\"attachment-large size-large wp-image-104265\" alt=\"\" srcset=\"https:\/\/bethlehemgemeinde-meppen.de\/wp-content\/uploads\/2024\/12\/Ev.-luth.-Bethlehemgeminde-Meppen-16-1024x576.jpg 1024w, https:\/\/bethlehemgemeinde-meppen.de\/wp-content\/uploads\/2024\/12\/Ev.-luth.-Bethlehemgeminde-Meppen-16-300x169.jpg 300w, https:\/\/bethlehemgemeinde-meppen.de\/wp-content\/uploads\/2024\/12\/Ev.-luth.-Bethlehemgeminde-Meppen-16-768x432.jpg 768w, https:\/\/bethlehemgemeinde-meppen.de\/wp-content\/uploads\/2024\/12\/Ev.-luth.-Bethlehemgeminde-Meppen-16.jpg 1280w\" sizes=\"(max-width: 1024px) 100vw, 1024px\" \/>\t\t\t\t\t\t\t\t\t\t\t\t\t\t\t<\/div>\n\t\t\t\t<\/div>\n\t\t\t\t\t<\/div>\n\t\t<\/div>\n\t\t\t\t\t<\/div>\n\t\t<\/section>\n\t\t\t\t<\/div>\n\t\t","protected":false},"excerpt":{"rendered":"<p>Im September habe ich einen anonymen Brief erhalten. Die Frau, die ihn geschrieben hat, hat mich dazu aufgefordert, k\u00fcnftig in der Predigt nicht Stellung zu beziehen, was die schwierigen und heiklen Fragen der Politik angeht. Als Beispiel f\u00fcr die Politik hat sie die Haltung zum Krieg Russlands gegen die Ukraine genannt. In unserer Bethlehemgemeinde gebe &#8230; <a title=\"Geistliches Wort\" class=\"read-more\" href=\"https:\/\/bethlehemgemeinde-meppen.de\/?p=104166\" aria-label=\"Mehr Informationen \u00fcber Geistliches Wort\">Weiterlesen<\/a><\/p>\n","protected":false},"author":2,"featured_media":0,"comment_status":"closed","ping_status":"closed","sticky":false,"template":"","format":"standard","meta":{"footnotes":""},"categories":[117,2,6],"tags":[],"class_list":["post-104166","post","type-post","status-publish","format-standard","hentry","category-117","category-news-and-events","category-bethlehemgemeinde"],"_links":{"self":[{"href":"https:\/\/bethlehemgemeinde-meppen.de\/index.php?rest_route=\/wp\/v2\/posts\/104166","targetHints":{"allow":["GET"]}}],"collection":[{"href":"https:\/\/bethlehemgemeinde-meppen.de\/index.php?rest_route=\/wp\/v2\/posts"}],"about":[{"href":"https:\/\/bethlehemgemeinde-meppen.de\/index.php?rest_route=\/wp\/v2\/types\/post"}],"author":[{"embeddable":true,"href":"https:\/\/bethlehemgemeinde-meppen.de\/index.php?rest_route=\/wp\/v2\/users\/2"}],"replies":[{"embeddable":true,"href":"https:\/\/bethlehemgemeinde-meppen.de\/index.php?rest_route=%2Fwp%2Fv2%2Fcomments&post=104166"}],"version-history":[{"count":6,"href":"https:\/\/bethlehemgemeinde-meppen.de\/index.php?rest_route=\/wp\/v2\/posts\/104166\/revisions"}],"predecessor-version":[{"id":104282,"href":"https:\/\/bethlehemgemeinde-meppen.de\/index.php?rest_route=\/wp\/v2\/posts\/104166\/revisions\/104282"}],"wp:attachment":[{"href":"https:\/\/bethlehemgemeinde-meppen.de\/index.php?rest_route=%2Fwp%2Fv2%2Fmedia&parent=104166"}],"wp:term":[{"taxonomy":"category","embeddable":true,"href":"https:\/\/bethlehemgemeinde-meppen.de\/index.php?rest_route=%2Fwp%2Fv2%2Fcategories&post=104166"},{"taxonomy":"post_tag","embeddable":true,"href":"https:\/\/bethlehemgemeinde-meppen.de\/index.php?rest_route=%2Fwp%2Fv2%2Ftags&post=104166"}],"curies":[{"name":"wp","href":"https:\/\/api.w.org\/{rel}","templated":true}]}}