{"id":104119,"date":"2024-11-27T10:07:43","date_gmt":"2024-11-27T10:07:43","guid":{"rendered":"https:\/\/bethlehemgemeinde.online\/?p=104119"},"modified":"2024-12-23T18:03:27","modified_gmt":"2024-12-23T18:03:27","slug":"rueckblicke-2","status":"publish","type":"post","link":"https:\/\/bethlehemgemeinde-meppen.de\/?p=104119","title":{"rendered":"R\u00fcckblicke"},"content":{"rendered":"\t\t<div data-elementor-type=\"wp-post\" data-elementor-id=\"104119\" class=\"elementor elementor-104119\" data-elementor-post-type=\"post\">\n\t\t\t\t\t\t<section class=\"elementor-section elementor-top-section elementor-element elementor-element-ea74221 elementor-section-boxed elementor-section-height-default elementor-section-height-default\" data-id=\"ea74221\" data-element_type=\"section\" data-e-type=\"section\" data-settings=\"{&quot;ekit_has_onepagescroll_dot&quot;:&quot;yes&quot;}\">\n\t\t\t\t\t\t<div class=\"elementor-container elementor-column-gap-default\">\n\t\t\t\t\t<div class=\"elementor-column elementor-col-100 elementor-top-column elementor-element elementor-element-be00750\" data-id=\"be00750\" data-element_type=\"column\" data-e-type=\"column\">\n\t\t\t<div class=\"elementor-widget-wrap elementor-element-populated\">\n\t\t\t\t\t\t<div class=\"elementor-element elementor-element-91d2953 elementor-widget elementor-widget-text-editor\" data-id=\"91d2953\" data-element_type=\"widget\" data-e-type=\"widget\" data-settings=\"{&quot;ekit_we_effect_on&quot;:&quot;none&quot;}\" data-widget_type=\"text-editor.default\">\n\t\t\t\t<div class=\"elementor-widget-container\">\n\t\t\t\t\t\t\t\t\t<h5><strong>Jubelkonfirmation am Erntedanktag<\/strong><\/h5><p>Nach sechs Jahren hat am 6. Oktober im Festgottesdienst zu Erntedank wieder eine Jubelkonfirmation in der Bethlehemkirche stattgefunden. Ihr Jubil\u00e4um gefeiert haben insgesamt 38 Frauen und M\u00e4nner, die vor 50, 60, 65, 70 oder 75 Jahren konfirmiert worden sind. Einige der Jubelkonfirmandinnen und Jubelkonfirmanden waren seinerzeit tats\u00e4chlich in der Bethlehemkirche konfirmiert worden, die weitaus meisten wurden allerdings anderswo konfirmiert und sind erst sp\u00e4ter nach Meppen gezogen. Der mit reichhaltigen Erntegaben liebevoll geschm\u00fcckte Kirchraum bot einen wahrhaft festlichen \u00e4u\u00dferen Rahmen. Im Mittelpunkt stand die pers\u00f6nliche Segnung der Jubilare.<\/p><p>Im Anschluss an den gut besuchten Gottesdienst gab es noch ein gemeinsames Mittagessen und Kaffeetrinken, zu dem auch die Partnerinnen und Partner, bzw. Familien eingeladen waren.<\/p><p>Als Gemeindepastor bedauere ich, dass sich niemand zum Konfirmationsjubil\u00e4um angemeldet hatte, der \/ die in den fr\u00fchen 70er Jahren in der Bethlehemkirche oder auch in der Gustav-Adolf-Kirche oder in der Kapelle in Osterbrock konfirmiert worden ist, und auch niemand aus den Jahrg\u00e4ngen der Silberkonfirmandinnen und Silberkonfirmanden. Der Segen wirkt zwar auch ohne die Jubil\u00e4umsfeier fort und fort, aber ihn zu erneuern tut bekanntlich nicht weh. \ud83d\ude0a<\/p><p>Achim Heldt, P.<\/p><p>Klicken Sie auf die Fotos f\u00fcr eine Vergr\u00f6\u00dferung:<\/p>\t\t\t\t\t\t\t\t<\/div>\n\t\t\t\t<\/div>\n\t\t\t\t\t<\/div>\n\t\t<\/div>\n\t\t\t\t\t<\/div>\n\t\t<\/section>\n\t\t\t\t<section class=\"elementor-section elementor-top-section elementor-element elementor-element-7f50d8a elementor-section-boxed elementor-section-height-default elementor-section-height-default\" data-id=\"7f50d8a\" data-element_type=\"section\" data-e-type=\"section\" data-settings=\"{&quot;ekit_has_onepagescroll_dot&quot;:&quot;yes&quot;}\">\n\t\t\t\t\t\t<div class=\"elementor-container elementor-column-gap-default\">\n\t\t\t\t\t<div class=\"elementor-column elementor-col-100 elementor-top-column elementor-element elementor-element-7f6293a\" data-id=\"7f6293a\" data-element_type=\"column\" data-e-type=\"column\">\n\t\t\t<div class=\"elementor-widget-wrap elementor-element-populated\">\n\t\t\t\t\t\t<div class=\"elementor-element elementor-element-a78216e elementor-widget elementor-widget-image-gallery\" data-id=\"a78216e\" data-element_type=\"widget\" data-e-type=\"widget\" data-settings=\"{&quot;ekit_we_effect_on&quot;:&quot;none&quot;}\" data-widget_type=\"image-gallery.default\">\n\t\t\t\t<div class=\"elementor-widget-container\">\n\t\t\t\t\t\t\t<div class=\"elementor-image-gallery\">\n\t\t\t<div id='gallery-1' class='gallery galleryid-104119 gallery-columns-1 gallery-size-medium_large'><figure class='gallery-item'>\n\t\t\t<div class='gallery-icon landscape'>\n\t\t\t\t<a data-elementor-open-lightbox=\"yes\" data-elementor-lightbox-slideshow=\"a78216e\" data-elementor-lightbox-title=\"Konfirmationsjubilaeum.jpg\" data-e-action-hash=\"#elementor-action%3Aaction%3Dlightbox%26settings%3DeyJpZCI6MTA0MjM1LCJ1cmwiOiJodHRwczpcL1wvYmV0aGxlaGVtZ2VtZWluZGUtbWVwcGVuLmRlXC93cC1jb250ZW50XC91cGxvYWRzXC8yMDI0XC8xMlwvS29uZmlybWF0aW9uc2p1YmlsYWV1bS5qcGciLCJzbGlkZXNob3ciOiJhNzgyMTZlIn0%3D\" href='https:\/\/bethlehemgemeinde-meppen.de\/wp-content\/uploads\/2024\/12\/Konfirmationsjubilaeum.jpg'><img fetchpriority=\"high\" decoding=\"async\" width=\"768\" height=\"343\" src=\"https:\/\/bethlehemgemeinde-meppen.de\/wp-content\/uploads\/2024\/12\/Konfirmationsjubilaeum-768x343.jpg\" class=\"attachment-medium_large size-medium_large\" alt=\"\" srcset=\"https:\/\/bethlehemgemeinde-meppen.de\/wp-content\/uploads\/2024\/12\/Konfirmationsjubilaeum-768x343.jpg 768w, https:\/\/bethlehemgemeinde-meppen.de\/wp-content\/uploads\/2024\/12\/Konfirmationsjubilaeum-300x134.jpg 300w, https:\/\/bethlehemgemeinde-meppen.de\/wp-content\/uploads\/2024\/12\/Konfirmationsjubilaeum-1024x458.jpg 1024w, https:\/\/bethlehemgemeinde-meppen.de\/wp-content\/uploads\/2024\/12\/Konfirmationsjubilaeum-1536x686.jpg 1536w, https:\/\/bethlehemgemeinde-meppen.de\/wp-content\/uploads\/2024\/12\/Konfirmationsjubilaeum.jpg 1920w\" sizes=\"(max-width: 768px) 100vw, 768px\" \/><\/a>\n\t\t\t<\/div><\/figure><figure class='gallery-item'>\n\t\t\t<div class='gallery-icon landscape'>\n\t\t\t\t<a data-elementor-open-lightbox=\"yes\" data-elementor-lightbox-slideshow=\"a78216e\" data-elementor-lightbox-title=\"Konfirmationsjubilaeum-2.jpg\" data-e-action-hash=\"#elementor-action%3Aaction%3Dlightbox%26settings%3DeyJpZCI6MTA0MjM2LCJ1cmwiOiJodHRwczpcL1wvYmV0aGxlaGVtZ2VtZWluZGUtbWVwcGVuLmRlXC93cC1jb250ZW50XC91cGxvYWRzXC8yMDI0XC8xMlwvS29uZmlybWF0aW9uc2p1YmlsYWV1bS0yLmpwZyIsInNsaWRlc2hvdyI6ImE3ODIxNmUifQ%3D%3D\" href='https:\/\/bethlehemgemeinde-meppen.de\/wp-content\/uploads\/2024\/12\/Konfirmationsjubilaeum-2.jpg'><img decoding=\"async\" width=\"768\" height=\"576\" src=\"https:\/\/bethlehemgemeinde-meppen.de\/wp-content\/uploads\/2024\/12\/Konfirmationsjubilaeum-2-768x576.jpg\" class=\"attachment-medium_large size-medium_large\" alt=\"\" srcset=\"https:\/\/bethlehemgemeinde-meppen.de\/wp-content\/uploads\/2024\/12\/Konfirmationsjubilaeum-2-768x576.jpg 768w, https:\/\/bethlehemgemeinde-meppen.de\/wp-content\/uploads\/2024\/12\/Konfirmationsjubilaeum-2-300x225.jpg 300w, https:\/\/bethlehemgemeinde-meppen.de\/wp-content\/uploads\/2024\/12\/Konfirmationsjubilaeum-2-1024x768.jpg 1024w, https:\/\/bethlehemgemeinde-meppen.de\/wp-content\/uploads\/2024\/12\/Konfirmationsjubilaeum-2-1536x1152.jpg 1536w, https:\/\/bethlehemgemeinde-meppen.de\/wp-content\/uploads\/2024\/12\/Konfirmationsjubilaeum-2.jpg 1600w\" sizes=\"(max-width: 768px) 100vw, 768px\" \/><\/a>\n\t\t\t<\/div><\/figure><figure class='gallery-item'>\n\t\t\t<div class='gallery-icon landscape'>\n\t\t\t\t<a data-elementor-open-lightbox=\"yes\" data-elementor-lightbox-slideshow=\"a78216e\" data-elementor-lightbox-title=\"Konfirmationsjubilaeum-3.jpg\" data-e-action-hash=\"#elementor-action%3Aaction%3Dlightbox%26settings%3DeyJpZCI6MTA0MjM3LCJ1cmwiOiJodHRwczpcL1wvYmV0aGxlaGVtZ2VtZWluZGUtbWVwcGVuLmRlXC93cC1jb250ZW50XC91cGxvYWRzXC8yMDI0XC8xMlwvS29uZmlybWF0aW9uc2p1YmlsYWV1bS0zLmpwZyIsInNsaWRlc2hvdyI6ImE3ODIxNmUifQ%3D%3D\" href='https:\/\/bethlehemgemeinde-meppen.de\/wp-content\/uploads\/2024\/12\/Konfirmationsjubilaeum-3.jpg'><img decoding=\"async\" width=\"768\" height=\"432\" src=\"https:\/\/bethlehemgemeinde-meppen.de\/wp-content\/uploads\/2024\/12\/Konfirmationsjubilaeum-3-768x432.jpg\" class=\"attachment-medium_large size-medium_large\" alt=\"\" srcset=\"https:\/\/bethlehemgemeinde-meppen.de\/wp-content\/uploads\/2024\/12\/Konfirmationsjubilaeum-3-768x432.jpg 768w, https:\/\/bethlehemgemeinde-meppen.de\/wp-content\/uploads\/2024\/12\/Konfirmationsjubilaeum-3-300x169.jpg 300w, https:\/\/bethlehemgemeinde-meppen.de\/wp-content\/uploads\/2024\/12\/Konfirmationsjubilaeum-3-1024x576.jpg 1024w, https:\/\/bethlehemgemeinde-meppen.de\/wp-content\/uploads\/2024\/12\/Konfirmationsjubilaeum-3.jpg 1280w\" sizes=\"(max-width: 768px) 100vw, 768px\" \/><\/a>\n\t\t\t<\/div><\/figure><figure class='gallery-item'>\n\t\t\t<div class='gallery-icon landscape'>\n\t\t\t\t<a data-elementor-open-lightbox=\"yes\" data-elementor-lightbox-slideshow=\"a78216e\" data-elementor-lightbox-title=\"Erntedank.jpg\" data-e-action-hash=\"#elementor-action%3Aaction%3Dlightbox%26settings%3DeyJpZCI6MTA0MjM4LCJ1cmwiOiJodHRwczpcL1wvYmV0aGxlaGVtZ2VtZWluZGUtbWVwcGVuLmRlXC93cC1jb250ZW50XC91cGxvYWRzXC8yMDI0XC8xMlwvRXJudGVkYW5rLmpwZyIsInNsaWRlc2hvdyI6ImE3ODIxNmUifQ%3D%3D\" href='https:\/\/bethlehemgemeinde-meppen.de\/wp-content\/uploads\/2024\/12\/Erntedank.jpg'><img loading=\"lazy\" decoding=\"async\" width=\"768\" height=\"432\" src=\"https:\/\/bethlehemgemeinde-meppen.de\/wp-content\/uploads\/2024\/12\/Erntedank-768x432.jpg\" class=\"attachment-medium_large size-medium_large\" alt=\"\" srcset=\"https:\/\/bethlehemgemeinde-meppen.de\/wp-content\/uploads\/2024\/12\/Erntedank-768x432.jpg 768w, https:\/\/bethlehemgemeinde-meppen.de\/wp-content\/uploads\/2024\/12\/Erntedank-300x169.jpg 300w, https:\/\/bethlehemgemeinde-meppen.de\/wp-content\/uploads\/2024\/12\/Erntedank-1024x576.jpg 1024w, https:\/\/bethlehemgemeinde-meppen.de\/wp-content\/uploads\/2024\/12\/Erntedank.jpg 1280w\" sizes=\"(max-width: 768px) 100vw, 768px\" \/><\/a>\n\t\t\t<\/div><\/figure><figure class='gallery-item'>\n\t\t\t<div class='gallery-icon landscape'>\n\t\t\t\t<a data-elementor-open-lightbox=\"yes\" data-elementor-lightbox-slideshow=\"a78216e\" data-elementor-lightbox-title=\"Erntedank-2.jpg\" data-e-action-hash=\"#elementor-action%3Aaction%3Dlightbox%26settings%3DeyJpZCI6MTA0MjM5LCJ1cmwiOiJodHRwczpcL1wvYmV0aGxlaGVtZ2VtZWluZGUtbWVwcGVuLmRlXC93cC1jb250ZW50XC91cGxvYWRzXC8yMDI0XC8xMlwvRXJudGVkYW5rLTIuanBnIiwic2xpZGVzaG93IjoiYTc4MjE2ZSJ9\" href='https:\/\/bethlehemgemeinde-meppen.de\/wp-content\/uploads\/2024\/12\/Erntedank-2.jpg'><img loading=\"lazy\" decoding=\"async\" width=\"768\" height=\"576\" src=\"https:\/\/bethlehemgemeinde-meppen.de\/wp-content\/uploads\/2024\/12\/Erntedank-2-768x576.jpg\" class=\"attachment-medium_large size-medium_large\" alt=\"\" srcset=\"https:\/\/bethlehemgemeinde-meppen.de\/wp-content\/uploads\/2024\/12\/Erntedank-2-768x576.jpg 768w, https:\/\/bethlehemgemeinde-meppen.de\/wp-content\/uploads\/2024\/12\/Erntedank-2-300x225.jpg 300w, https:\/\/bethlehemgemeinde-meppen.de\/wp-content\/uploads\/2024\/12\/Erntedank-2-1024x768.jpg 1024w, https:\/\/bethlehemgemeinde-meppen.de\/wp-content\/uploads\/2024\/12\/Erntedank-2-1536x1152.jpg 1536w, https:\/\/bethlehemgemeinde-meppen.de\/wp-content\/uploads\/2024\/12\/Erntedank-2.jpg 1600w\" sizes=\"(max-width: 768px) 100vw, 768px\" \/><\/a>\n\t\t\t<\/div><\/figure>\n\t\t<\/div>\n\t\t<\/div>\n\t\t\t\t\t\t<\/div>\n\t\t\t\t<\/div>\n\t\t\t\t\t<\/div>\n\t\t<\/div>\n\t\t\t\t\t<\/div>\n\t\t<\/section>\n\t\t\t\t<section class=\"elementor-section elementor-top-section elementor-element elementor-element-ef4bc92 elementor-section-boxed elementor-section-height-default elementor-section-height-default\" data-id=\"ef4bc92\" data-element_type=\"section\" data-e-type=\"section\" data-settings=\"{&quot;ekit_has_onepagescroll_dot&quot;:&quot;yes&quot;}\">\n\t\t\t\t\t\t<div class=\"elementor-container elementor-column-gap-default\">\n\t\t\t\t\t<div class=\"elementor-column elementor-col-100 elementor-top-column elementor-element elementor-element-2fc3f9b\" data-id=\"2fc3f9b\" data-element_type=\"column\" data-e-type=\"column\">\n\t\t\t<div class=\"elementor-widget-wrap elementor-element-populated\">\n\t\t\t\t\t\t<div class=\"elementor-element elementor-element-253236e elementor-widget-divider--view-line elementor-widget elementor-widget-divider\" data-id=\"253236e\" data-element_type=\"widget\" data-e-type=\"widget\" data-settings=\"{&quot;ekit_we_effect_on&quot;:&quot;none&quot;}\" data-widget_type=\"divider.default\">\n\t\t\t\t<div class=\"elementor-widget-container\">\n\t\t\t\t\t\t\t<div class=\"elementor-divider\">\n\t\t\t<span class=\"elementor-divider-separator\">\n\t\t\t\t\t\t<\/span>\n\t\t<\/div>\n\t\t\t\t\t\t<\/div>\n\t\t\t\t<\/div>\n\t\t\t\t\t<\/div>\n\t\t<\/div>\n\t\t\t\t\t<\/div>\n\t\t<\/section>\n\t\t\t\t<section class=\"elementor-section elementor-top-section elementor-element elementor-element-af0e68d elementor-section-boxed elementor-section-height-default elementor-section-height-default\" data-id=\"af0e68d\" data-element_type=\"section\" data-e-type=\"section\" data-settings=\"{&quot;ekit_has_onepagescroll_dot&quot;:&quot;yes&quot;}\">\n\t\t\t\t\t\t<div class=\"elementor-container elementor-column-gap-default\">\n\t\t\t\t\t<div class=\"elementor-column elementor-col-100 elementor-top-column elementor-element elementor-element-745e07e\" data-id=\"745e07e\" data-element_type=\"column\" data-e-type=\"column\">\n\t\t\t<div class=\"elementor-widget-wrap elementor-element-populated\">\n\t\t\t\t\t\t<div class=\"elementor-element elementor-element-1d10835 elementor-widget elementor-widget-text-editor\" data-id=\"1d10835\" data-element_type=\"widget\" data-e-type=\"widget\" data-settings=\"{&quot;ekit_we_effect_on&quot;:&quot;none&quot;}\" data-widget_type=\"text-editor.default\">\n\t\t\t\t<div class=\"elementor-widget-container\">\n\t\t\t\t\t\t\t\t\t<h5><span style=\"color: #000000;\"><strong>Interessantes aus dem Posaunenchor<\/strong><\/span><\/h5><p>Vier Bl\u00e4serInnen von unserem Posaunenchor waren f\u00fcr eine Woche auf Norderney zur Bl\u00e4serfreizeit unter der Leitung der Inselkantorin Gudrun Fliegner und dem Landesposaunenwart Henning Herzog.<br \/>Viel ge\u00fcbt&#8230;<br \/>Dienstagabend zur Andacht gespielt, Donnerstag geblasen zum Wunschchoralsingen und Freitagabend unser Konzert u.a. mit einem Medley vom Musical Jesus Christ Superstar.<br \/>Wir waren 35 Bl\u00e4serInnen aus dem Norden bis Th\u00fcringen.<\/p><p><em>Heidi Drenger<\/em><\/p><p><img loading=\"lazy\" decoding=\"async\" class=\"alignleft wp-image-104271 size-full\" src=\"https:\/\/bethlehemgemeinde-meppen.de\/wp-content\/uploads\/2024\/12\/4.-Inselblaeserwoche-Ney-Foto-Kuechenfenster-16x9-1.jpg\" alt=\"\" width=\"1280\" height=\"720\" srcset=\"https:\/\/bethlehemgemeinde-meppen.de\/wp-content\/uploads\/2024\/12\/4.-Inselblaeserwoche-Ney-Foto-Kuechenfenster-16x9-1.jpg 1280w, https:\/\/bethlehemgemeinde-meppen.de\/wp-content\/uploads\/2024\/12\/4.-Inselblaeserwoche-Ney-Foto-Kuechenfenster-16x9-1-300x169.jpg 300w, https:\/\/bethlehemgemeinde-meppen.de\/wp-content\/uploads\/2024\/12\/4.-Inselblaeserwoche-Ney-Foto-Kuechenfenster-16x9-1-1024x576.jpg 1024w, https:\/\/bethlehemgemeinde-meppen.de\/wp-content\/uploads\/2024\/12\/4.-Inselblaeserwoche-Ney-Foto-Kuechenfenster-16x9-1-768x432.jpg 768w\" sizes=\"(max-width: 1280px) 100vw, 1280px\" \/><\/p>\t\t\t\t\t\t\t\t<\/div>\n\t\t\t\t<\/div>\n\t\t\t\t\t<\/div>\n\t\t<\/div>\n\t\t\t\t\t<\/div>\n\t\t<\/section>\n\t\t\t\t<section class=\"elementor-section elementor-top-section elementor-element elementor-element-9814f99 elementor-section-boxed elementor-section-height-default elementor-section-height-default\" data-id=\"9814f99\" data-element_type=\"section\" data-e-type=\"section\" data-settings=\"{&quot;ekit_has_onepagescroll_dot&quot;:&quot;yes&quot;}\">\n\t\t\t\t\t\t<div class=\"elementor-container elementor-column-gap-default\">\n\t\t\t\t\t<div class=\"elementor-column elementor-col-100 elementor-top-column elementor-element elementor-element-39e9838\" data-id=\"39e9838\" data-element_type=\"column\" data-e-type=\"column\">\n\t\t\t<div class=\"elementor-widget-wrap elementor-element-populated\">\n\t\t\t\t\t\t<div class=\"elementor-element elementor-element-6d9b029 elementor-widget-divider--view-line elementor-widget elementor-widget-divider\" data-id=\"6d9b029\" data-element_type=\"widget\" data-e-type=\"widget\" data-settings=\"{&quot;ekit_we_effect_on&quot;:&quot;none&quot;}\" data-widget_type=\"divider.default\">\n\t\t\t\t<div class=\"elementor-widget-container\">\n\t\t\t\t\t\t\t<div class=\"elementor-divider\">\n\t\t\t<span class=\"elementor-divider-separator\">\n\t\t\t\t\t\t<\/span>\n\t\t<\/div>\n\t\t\t\t\t\t<\/div>\n\t\t\t\t<\/div>\n\t\t\t\t\t<\/div>\n\t\t<\/div>\n\t\t\t\t\t<\/div>\n\t\t<\/section>\n\t\t\t\t<section class=\"elementor-section elementor-top-section elementor-element elementor-element-ea47234 elementor-section-boxed elementor-section-height-default elementor-section-height-default\" data-id=\"ea47234\" data-element_type=\"section\" data-e-type=\"section\" data-settings=\"{&quot;ekit_has_onepagescroll_dot&quot;:&quot;yes&quot;}\">\n\t\t\t\t\t\t<div class=\"elementor-container elementor-column-gap-default\">\n\t\t\t\t\t<div class=\"elementor-column elementor-col-100 elementor-top-column elementor-element elementor-element-39f13d8\" data-id=\"39f13d8\" data-element_type=\"column\" data-e-type=\"column\">\n\t\t\t<div class=\"elementor-widget-wrap elementor-element-populated\">\n\t\t\t\t\t\t<div class=\"elementor-element elementor-element-169c1c3 elementor-widget elementor-widget-text-editor\" data-id=\"169c1c3\" data-element_type=\"widget\" data-e-type=\"widget\" data-settings=\"{&quot;ekit_we_effect_on&quot;:&quot;none&quot;}\" data-widget_type=\"text-editor.default\">\n\t\t\t\t<div class=\"elementor-widget-container\">\n\t\t\t\t\t\t\t\t\t<h5><strong>Aus dem M\u00e4nnerkreis\u00a0 \u201e<span style=\"color: #ff0000;\">M<\/span>\u00e4nner <span style=\"color: #ff0000;\">M<\/span>achen <span style=\"color: #ff0000;\">M<\/span>it\u201c<\/strong><\/h5><p>Wie schnell die Zeit l\u00e4uft \u2013 es wird k\u00e4lter. Unsere M\u00e4nnerkreisabende k\u00f6nnen wir nicht mehr im Pavillon auf der Pfarrwiese verbringen. Das hindert uns nicht daran ein buntes Programm f\u00fcr die n\u00e4chste Zeit aufzustellen. So nahmen wir gern am Mitarbeiterfest am 10. Nov. mit unseren Frauen teil und lernten unsere Regionalbisch\u00f6fin Sabine Schiermeyer zu unserem M\u00e4nnerfr\u00fchst\u00fcck mit 60 angemeldeten Teilnehmern pers\u00f6nlich kennen. Unsere Regionalbisch\u00f6fin nahm als Referentin das Thema \u201eV\u00e4ter\u201c aufs Korn. Es wurde sehr interessant.\u00a0<\/p><p>Zahlreiche Fotos findet man <a href=\"https:\/\/www.flickr.com\/photos\/bethlehem-stiftung\/albums\/72177720321988024\" target=\"_blank\" rel=\"noopener\"><strong>hier<\/strong><\/a>.<\/p><p>Am 2. Advent richtet der M\u00e4nnerkreis wieder mit Unterst\u00fctzung durch die Bethlehemstiftung die schon traditionelle Nikolausfeier im Albert-Schweitzer-Gemeindesaal aus. Mal sehen, was der Nikolaus mit seinen Engeln f\u00fcr unsere J\u00fcngsten mitbringt.<\/p><p>Nach unserer Adventsfeier am 10. Dez. stellen wir am 12. Dez. unsere Angelk\u00fcnste am Forellenteich unter Beweis. Die gefangenen Fische werden wir f\u00fcr uns intern r\u00e4uchern.<\/p><p>(Ein Verkauf findet nicht statt.)<\/p><p>Und `last but not least` werden wir den von Erich Andrzejewski gestifteten Tannenbaum rechtzeitig schlagen und f\u00fcr Weihnachten in der Kirche aufstellen und schm\u00fccken.<\/p><p>Mit neuem Elan werden wir f\u00fcr das kommende Jahr 2025 wieder ein kurzweiliges Programm f\u00fcr die 17 M\u00e4nner des M\u00e4nnerkreises auflegen.<\/p><p>Ihr G\u00fcnter Rieken<\/p><p><img loading=\"lazy\" decoding=\"async\" class=\"alignleft wp-image-104268 size-full\" src=\"https:\/\/bethlehemgemeinde-meppen.de\/wp-content\/uploads\/2024\/12\/Maennerfruehstueck-Novemober-2024-01.jpg\" alt=\"\" width=\"1280\" height=\"720\" srcset=\"https:\/\/bethlehemgemeinde-meppen.de\/wp-content\/uploads\/2024\/12\/Maennerfruehstueck-Novemober-2024-01.jpg 1280w, https:\/\/bethlehemgemeinde-meppen.de\/wp-content\/uploads\/2024\/12\/Maennerfruehstueck-Novemober-2024-01-300x169.jpg 300w, https:\/\/bethlehemgemeinde-meppen.de\/wp-content\/uploads\/2024\/12\/Maennerfruehstueck-Novemober-2024-01-1024x576.jpg 1024w, https:\/\/bethlehemgemeinde-meppen.de\/wp-content\/uploads\/2024\/12\/Maennerfruehstueck-Novemober-2024-01-768x432.jpg 768w\" sizes=\"(max-width: 1280px) 100vw, 1280px\" \/><\/p><p><img loading=\"lazy\" decoding=\"async\" class=\"alignleft wp-image-104303 size-full\" src=\"https:\/\/bethlehemgemeinde-meppen.de\/wp-content\/uploads\/2024\/12\/Maennerfruehstueck-Novemober-2024-14.jpg\" alt=\"\" width=\"1280\" height=\"720\" srcset=\"https:\/\/bethlehemgemeinde-meppen.de\/wp-content\/uploads\/2024\/12\/Maennerfruehstueck-Novemober-2024-14.jpg 1280w, https:\/\/bethlehemgemeinde-meppen.de\/wp-content\/uploads\/2024\/12\/Maennerfruehstueck-Novemober-2024-14-300x169.jpg 300w, https:\/\/bethlehemgemeinde-meppen.de\/wp-content\/uploads\/2024\/12\/Maennerfruehstueck-Novemober-2024-14-1024x576.jpg 1024w, https:\/\/bethlehemgemeinde-meppen.de\/wp-content\/uploads\/2024\/12\/Maennerfruehstueck-Novemober-2024-14-768x432.jpg 768w\" sizes=\"(max-width: 1280px) 100vw, 1280px\" \/><\/p><p>\u00a0<\/p>\t\t\t\t\t\t\t\t<\/div>\n\t\t\t\t<\/div>\n\t\t\t\t\t<\/div>\n\t\t<\/div>\n\t\t\t\t\t<\/div>\n\t\t<\/section>\n\t\t\t\t<section class=\"elementor-section elementor-top-section elementor-element elementor-element-40ea0d1 elementor-section-boxed elementor-section-height-default elementor-section-height-default\" data-id=\"40ea0d1\" data-element_type=\"section\" data-e-type=\"section\" data-settings=\"{&quot;ekit_has_onepagescroll_dot&quot;:&quot;yes&quot;}\">\n\t\t\t\t\t\t<div class=\"elementor-container elementor-column-gap-default\">\n\t\t\t\t\t<div class=\"elementor-column elementor-col-100 elementor-top-column elementor-element elementor-element-c8ccc72\" data-id=\"c8ccc72\" data-element_type=\"column\" data-e-type=\"column\">\n\t\t\t<div class=\"elementor-widget-wrap elementor-element-populated\">\n\t\t\t\t\t\t<div class=\"elementor-element elementor-element-1bdde08 elementor-widget-divider--view-line elementor-widget elementor-widget-divider\" data-id=\"1bdde08\" data-element_type=\"widget\" data-e-type=\"widget\" data-settings=\"{&quot;ekit_we_effect_on&quot;:&quot;none&quot;}\" data-widget_type=\"divider.default\">\n\t\t\t\t<div class=\"elementor-widget-container\">\n\t\t\t\t\t\t\t<div class=\"elementor-divider\">\n\t\t\t<span class=\"elementor-divider-separator\">\n\t\t\t\t\t\t<\/span>\n\t\t<\/div>\n\t\t\t\t\t\t<\/div>\n\t\t\t\t<\/div>\n\t\t\t\t\t<\/div>\n\t\t<\/div>\n\t\t\t\t\t<\/div>\n\t\t<\/section>\n\t\t\t\t<section class=\"elementor-section elementor-top-section elementor-element elementor-element-9cc09de elementor-section-boxed elementor-section-height-default elementor-section-height-default\" data-id=\"9cc09de\" data-element_type=\"section\" data-e-type=\"section\" data-settings=\"{&quot;ekit_has_onepagescroll_dot&quot;:&quot;yes&quot;}\">\n\t\t\t\t\t\t<div class=\"elementor-container elementor-column-gap-default\">\n\t\t\t\t\t<div class=\"elementor-column elementor-col-100 elementor-top-column elementor-element elementor-element-263d132\" data-id=\"263d132\" data-element_type=\"column\" data-e-type=\"column\">\n\t\t\t<div class=\"elementor-widget-wrap elementor-element-populated\">\n\t\t\t\t\t\t<div class=\"elementor-element elementor-element-00b9070 elementor-widget elementor-widget-text-editor\" data-id=\"00b9070\" data-element_type=\"widget\" data-e-type=\"widget\" data-settings=\"{&quot;ekit_we_effect_on&quot;:&quot;none&quot;}\" data-widget_type=\"text-editor.default\">\n\t\t\t\t<div class=\"elementor-widget-container\">\n\t\t\t\t\t\t\t\t\t<h5><strong>St\u00e4nder f\u00fcr Erntekrone und Adventskranz <\/strong><\/h5><p>Seit vielen Jahren haben wir zu Erntedank die Erntekrone in unserer Bethlehem-kirche im Chorraum rechts an der Seite aufgeh\u00e4ngt. Nun hat Heinrich Warkentin einen St\u00e4nder gefertigt, auf den sowohl die Erntekrone als auch der Adventskranz gesetzt werden k\u00f6nnen. Dadurch konnte die Krone f\u00fcr das Fest so platziert werden, dass sie f\u00fcr alle in der Gottesdienstgemeinde besser zu sehen war. In der Adventszeit wird auf diese Weise auch der Adventskranz besser zur Geltung kommen. Ein herzlicher Dank gilt Heinrich Warkentin!<\/p><p><img loading=\"lazy\" decoding=\"async\" class=\"alignleft wp-image-104274 size-full\" src=\"https:\/\/bethlehemgemeinde-meppen.de\/wp-content\/uploads\/2024\/12\/Bild-zum-Staender-fuer-Erntekrone.jpg\" alt=\"\" width=\"720\" height=\"1280\" srcset=\"https:\/\/bethlehemgemeinde-meppen.de\/wp-content\/uploads\/2024\/12\/Bild-zum-Staender-fuer-Erntekrone.jpg 720w, https:\/\/bethlehemgemeinde-meppen.de\/wp-content\/uploads\/2024\/12\/Bild-zum-Staender-fuer-Erntekrone-169x300.jpg 169w, https:\/\/bethlehemgemeinde-meppen.de\/wp-content\/uploads\/2024\/12\/Bild-zum-Staender-fuer-Erntekrone-576x1024.jpg 576w\" sizes=\"(max-width: 720px) 100vw, 720px\" \/><\/p>\t\t\t\t\t\t\t\t<\/div>\n\t\t\t\t<\/div>\n\t\t\t\t\t<\/div>\n\t\t<\/div>\n\t\t\t\t\t<\/div>\n\t\t<\/section>\n\t\t\t\t<section class=\"elementor-section elementor-top-section elementor-element elementor-element-e8785fe elementor-section-boxed elementor-section-height-default elementor-section-height-default\" data-id=\"e8785fe\" data-element_type=\"section\" data-e-type=\"section\" data-settings=\"{&quot;ekit_has_onepagescroll_dot&quot;:&quot;yes&quot;}\">\n\t\t\t\t\t\t<div class=\"elementor-container elementor-column-gap-default\">\n\t\t\t\t\t<div class=\"elementor-column elementor-col-100 elementor-top-column elementor-element elementor-element-a5515b5\" data-id=\"a5515b5\" data-element_type=\"column\" data-e-type=\"column\">\n\t\t\t<div class=\"elementor-widget-wrap elementor-element-populated\">\n\t\t\t\t\t\t<div class=\"elementor-element elementor-element-e473246 elementor-widget-divider--view-line elementor-widget elementor-widget-divider\" data-id=\"e473246\" data-element_type=\"widget\" data-e-type=\"widget\" data-settings=\"{&quot;ekit_we_effect_on&quot;:&quot;none&quot;}\" data-widget_type=\"divider.default\">\n\t\t\t\t<div class=\"elementor-widget-container\">\n\t\t\t\t\t\t\t<div class=\"elementor-divider\">\n\t\t\t<span class=\"elementor-divider-separator\">\n\t\t\t\t\t\t<\/span>\n\t\t<\/div>\n\t\t\t\t\t\t<\/div>\n\t\t\t\t<\/div>\n\t\t\t\t\t<\/div>\n\t\t<\/div>\n\t\t\t\t\t<\/div>\n\t\t<\/section>\n\t\t\t\t<section class=\"elementor-section elementor-top-section elementor-element elementor-element-d6a7698 elementor-section-boxed elementor-section-height-default elementor-section-height-default\" data-id=\"d6a7698\" data-element_type=\"section\" data-e-type=\"section\" data-settings=\"{&quot;ekit_has_onepagescroll_dot&quot;:&quot;yes&quot;}\">\n\t\t\t\t\t\t<div class=\"elementor-container elementor-column-gap-default\">\n\t\t\t\t\t<div class=\"elementor-column elementor-col-100 elementor-top-column elementor-element elementor-element-f0319b9\" data-id=\"f0319b9\" data-element_type=\"column\" data-e-type=\"column\">\n\t\t\t<div class=\"elementor-widget-wrap elementor-element-populated\">\n\t\t\t\t\t\t<div class=\"elementor-element elementor-element-92ec2f6 elementor-widget elementor-widget-text-editor\" data-id=\"92ec2f6\" data-element_type=\"widget\" data-e-type=\"widget\" data-settings=\"{&quot;ekit_we_effect_on&quot;:&quot;none&quot;}\" data-widget_type=\"text-editor.default\">\n\t\t\t\t<div class=\"elementor-widget-container\">\n\t\t\t\t\t\t\t\t\t<h5><strong>Tatort Kirche<\/strong><\/h5><p>Nach schon guter Tradition und lang erwartet, wurde am 18.Sept. 2024 bereits zum 4. Mal zur Krimilesung in gem\u00fctlicher Atmosph\u00e4re ins Albert-Schweitzer-Haus eingeladen.<\/p><p>Achim Heldt und Ulrike L\u00fcbbers haben wieder kr\u00e4ftig in die m\u00f6rderische Trickkiste gegriffen, um ihr \u00fcberaus zahlreiches, gespanntes Publikum gekonnt teils mit \u00fcberraschenden, teils humorigen, aber immer t\u00f6dlichen Kriminalgeschichten zu unterhalten. Darin h\u00f6ren wir von \u00fcberaus sympathischen Menschen mit hoher krimineller Energie, blicken in menschliche Abgr\u00fcnde der &#8220; Verhaltensoriginalit\u00e4t &#8220; und d\u00fcrfen einen besonderen Menschen kennenlernen, der, um der guten Sache willen, seinen Weg mit Leichen pflastert. Manch einer von uns mag mit einer guten Inspiration nach Hause gegangen sein&#8230;<\/p><p>Ein besonderes Lob geht wieder einmal an Angela Heldt und Antje Middelberg, die mit viel kreativem Einsatz ein tolles Fingerfood-B\u00fcffet f\u00fcr Zwischendurch gezaubert und damit den Abend zu einer runden Sache gemacht haben, sozusagen m\u00f6rderisch gut&#8230;<\/p><p>Mein Fazit: Was haben wir an diesem Abend gelernt? In einem Konzert nicht zu husten ist \u00fcberlebenswichtig&#8230;&#8230;.!<\/p><p>Unbedingt n\u00e4chstes Jahr wieder.<\/p><p>Corinna Muss-Opitz\u00a0<\/p><p><img loading=\"lazy\" decoding=\"async\" class=\"alignleft wp-image-104275 size-full\" src=\"https:\/\/bethlehemgemeinde-meppen.de\/wp-content\/uploads\/2024\/12\/Krimilesung-Buffet.jpg\" alt=\"\" width=\"1512\" height=\"2016\" srcset=\"https:\/\/bethlehemgemeinde-meppen.de\/wp-content\/uploads\/2024\/12\/Krimilesung-Buffet.jpg 1512w, https:\/\/bethlehemgemeinde-meppen.de\/wp-content\/uploads\/2024\/12\/Krimilesung-Buffet-225x300.jpg 225w, https:\/\/bethlehemgemeinde-meppen.de\/wp-content\/uploads\/2024\/12\/Krimilesung-Buffet-768x1024.jpg 768w, https:\/\/bethlehemgemeinde-meppen.de\/wp-content\/uploads\/2024\/12\/Krimilesung-Buffet-1152x1536.jpg 1152w\" sizes=\"(max-width: 1512px) 100vw, 1512px\" \/><\/p>\t\t\t\t\t\t\t\t<\/div>\n\t\t\t\t<\/div>\n\t\t\t\t\t<\/div>\n\t\t<\/div>\n\t\t\t\t\t<\/div>\n\t\t<\/section>\n\t\t\t\t<section class=\"elementor-section elementor-top-section elementor-element elementor-element-4169b34 elementor-section-boxed elementor-section-height-default elementor-section-height-default\" data-id=\"4169b34\" data-element_type=\"section\" data-e-type=\"section\" data-settings=\"{&quot;ekit_has_onepagescroll_dot&quot;:&quot;yes&quot;}\">\n\t\t\t\t\t\t<div class=\"elementor-container elementor-column-gap-default\">\n\t\t\t\t\t<div class=\"elementor-column elementor-col-100 elementor-top-column elementor-element elementor-element-422e9fb\" data-id=\"422e9fb\" data-element_type=\"column\" data-e-type=\"column\">\n\t\t\t<div class=\"elementor-widget-wrap elementor-element-populated\">\n\t\t\t\t\t\t<div class=\"elementor-element elementor-element-2a33dd4 elementor-widget-divider--view-line elementor-widget elementor-widget-divider\" data-id=\"2a33dd4\" data-element_type=\"widget\" data-e-type=\"widget\" data-settings=\"{&quot;ekit_we_effect_on&quot;:&quot;none&quot;}\" data-widget_type=\"divider.default\">\n\t\t\t\t<div class=\"elementor-widget-container\">\n\t\t\t\t\t\t\t<div class=\"elementor-divider\">\n\t\t\t<span class=\"elementor-divider-separator\">\n\t\t\t\t\t\t<\/span>\n\t\t<\/div>\n\t\t\t\t\t\t<\/div>\n\t\t\t\t<\/div>\n\t\t\t\t\t<\/div>\n\t\t<\/div>\n\t\t\t\t\t<\/div>\n\t\t<\/section>\n\t\t\t\t<section class=\"elementor-section elementor-top-section elementor-element elementor-element-5143bce elementor-section-boxed elementor-section-height-default elementor-section-height-default\" data-id=\"5143bce\" data-element_type=\"section\" data-e-type=\"section\" data-settings=\"{&quot;ekit_has_onepagescroll_dot&quot;:&quot;yes&quot;}\">\n\t\t\t\t\t\t<div class=\"elementor-container elementor-column-gap-default\">\n\t\t\t\t\t<div class=\"elementor-column elementor-col-100 elementor-top-column elementor-element elementor-element-01d8d7f\" data-id=\"01d8d7f\" data-element_type=\"column\" data-e-type=\"column\">\n\t\t\t<div class=\"elementor-widget-wrap elementor-element-populated\">\n\t\t\t\t\t\t<div class=\"elementor-element elementor-element-1092550 elementor-widget elementor-widget-text-editor\" data-id=\"1092550\" data-element_type=\"widget\" data-e-type=\"widget\" data-settings=\"{&quot;ekit_we_effect_on&quot;:&quot;none&quot;}\" data-widget_type=\"text-editor.default\">\n\t\t\t\t<div class=\"elementor-widget-container\">\n\t\t\t\t\t\t\t\t\t<h5>Bei der diesj\u00e4hrigen <strong>Kleidersammlung f\u00fcr die Hilfsorganisation Bethel<\/strong> in unserer Gemeinde kamen sagenhafte 400 Kilogramm an gespendeten Kleidungsst\u00fccken\/ Decken etc. zusammen.<\/h5><p>Das Bethel-Team bedankte ganz herzlich bei uns.<\/p><p><img loading=\"lazy\" decoding=\"async\" class=\"alignleft wp-image-104304 size-full\" src=\"https:\/\/bethlehemgemeinde-meppen.de\/wp-content\/uploads\/2024\/12\/Bethel.jpg\" alt=\"\" width=\"1280\" height=\"960\" srcset=\"https:\/\/bethlehemgemeinde-meppen.de\/wp-content\/uploads\/2024\/12\/Bethel.jpg 1280w, https:\/\/bethlehemgemeinde-meppen.de\/wp-content\/uploads\/2024\/12\/Bethel-300x225.jpg 300w, https:\/\/bethlehemgemeinde-meppen.de\/wp-content\/uploads\/2024\/12\/Bethel-1024x768.jpg 1024w, https:\/\/bethlehemgemeinde-meppen.de\/wp-content\/uploads\/2024\/12\/Bethel-768x576.jpg 768w\" sizes=\"(max-width: 1280px) 100vw, 1280px\" \/><\/p>\t\t\t\t\t\t\t\t<\/div>\n\t\t\t\t<\/div>\n\t\t\t\t\t<\/div>\n\t\t<\/div>\n\t\t\t\t\t<\/div>\n\t\t<\/section>\n\t\t\t\t<section class=\"elementor-section elementor-top-section elementor-element elementor-element-623396c elementor-section-boxed elementor-section-height-default elementor-section-height-default\" data-id=\"623396c\" data-element_type=\"section\" data-e-type=\"section\" data-settings=\"{&quot;ekit_has_onepagescroll_dot&quot;:&quot;yes&quot;}\">\n\t\t\t\t\t\t<div class=\"elementor-container elementor-column-gap-default\">\n\t\t\t\t\t<div class=\"elementor-column elementor-col-100 elementor-top-column elementor-element elementor-element-d223231\" data-id=\"d223231\" data-element_type=\"column\" data-e-type=\"column\">\n\t\t\t<div class=\"elementor-widget-wrap elementor-element-populated\">\n\t\t\t\t\t\t<div class=\"elementor-element elementor-element-a16cb0d elementor-widget-divider--view-line elementor-widget elementor-widget-divider\" data-id=\"a16cb0d\" data-element_type=\"widget\" data-e-type=\"widget\" data-settings=\"{&quot;ekit_we_effect_on&quot;:&quot;none&quot;}\" data-widget_type=\"divider.default\">\n\t\t\t\t<div class=\"elementor-widget-container\">\n\t\t\t\t\t\t\t<div class=\"elementor-divider\">\n\t\t\t<span class=\"elementor-divider-separator\">\n\t\t\t\t\t\t<\/span>\n\t\t<\/div>\n\t\t\t\t\t\t<\/div>\n\t\t\t\t<\/div>\n\t\t\t\t\t<\/div>\n\t\t<\/div>\n\t\t\t\t\t<\/div>\n\t\t<\/section>\n\t\t\t\t<section class=\"elementor-section elementor-top-section elementor-element elementor-element-6cd85a7 elementor-section-boxed elementor-section-height-default elementor-section-height-default\" data-id=\"6cd85a7\" data-element_type=\"section\" data-e-type=\"section\" data-settings=\"{&quot;ekit_has_onepagescroll_dot&quot;:&quot;yes&quot;}\">\n\t\t\t\t\t\t<div class=\"elementor-container elementor-column-gap-default\">\n\t\t\t\t\t<div class=\"elementor-column elementor-col-100 elementor-top-column elementor-element elementor-element-0ad949e\" data-id=\"0ad949e\" data-element_type=\"column\" data-e-type=\"column\">\n\t\t\t<div class=\"elementor-widget-wrap elementor-element-populated\">\n\t\t\t\t\t\t<div class=\"elementor-element elementor-element-8cdb72c elementor-widget elementor-widget-text-editor\" data-id=\"8cdb72c\" data-element_type=\"widget\" data-e-type=\"widget\" data-settings=\"{&quot;ekit_we_effect_on&quot;:&quot;none&quot;}\" data-widget_type=\"text-editor.default\">\n\t\t\t\t<div class=\"elementor-widget-container\">\n\t\t\t\t\t\t\t\t\t<h5><strong>Nachruf auf Henning Rollwage<\/strong><\/h5><p>Am 21. August verstarb unser Gemeindeglied Henning Rollwage im Alter von 71 \u00bd Jahren. Am 2. September haben wir im engsten Familienkreis in der Friedhofskapelle in Esterfeld Abschied genommen und die Urne mit Hennings Asche beigesetzt. Wir haben in der Trauerfeier Worte aus dem 31. Psalm miteinander bedacht: <em>Ich aber, Herr, hoffe auf dich und spreche: Du bist mein Gott! Meine Zeit steht in deinen H\u00e4nden<\/em>. Zum Ein- und Ausgang haben wir miteinander Orgelmusik von Bach und Widor in einer Aufnahme geh\u00f6rt, die Henning vor mehr als zwanzig Jahren selbst in der Kirche St. Silvester in Quakenbr\u00fcck eingespielt hatte. Hennings Kunst, die er mit Leib und Seele zum Beruf gemacht hat, wird sein irdisches Leben \u00fcberdauern.<\/p><p>In unserer Bethlehemkirche hat Henning von 2016 an viele Gottesdienste an der Orgel begleitet, im \u00dcbergang in den Ruhestand und danach, bis seine schwere Erkrankung das nicht mehr zugelassen hat. Ebenso lange hat er auch im Evangelischen Posaunenchor Meppen mitmusiziert. Mit seiner lieben Familie trauern wir um Henning. Und ich bin mir sicher, dass viele Menschen und Musiker in unserer und anderen Gemeinden in stiller Trauer Anteil genommen haben und noch nehmen.<\/p><p>Achim Heldt, P.<\/p>\t\t\t\t\t\t\t\t<\/div>\n\t\t\t\t<\/div>\n\t\t\t\t\t<\/div>\n\t\t<\/div>\n\t\t\t\t\t<\/div>\n\t\t<\/section>\n\t\t\t\t<\/div>\n\t\t","protected":false},"excerpt":{"rendered":"<p>Jubelkonfirmation am Erntedanktag Nach sechs Jahren hat am 6. Oktober im Festgottesdienst zu Erntedank wieder eine Jubelkonfirmation in der Bethlehemkirche stattgefunden. Ihr Jubil\u00e4um gefeiert haben insgesamt 38 Frauen und M\u00e4nner, die vor 50, 60, 65, 70 oder 75 Jahren konfirmiert worden sind. Einige der Jubelkonfirmandinnen und Jubelkonfirmanden waren seinerzeit tats\u00e4chlich in der Bethlehemkirche konfirmiert worden, &#8230; <a title=\"R\u00fcckblicke\" class=\"read-more\" href=\"https:\/\/bethlehemgemeinde-meppen.de\/?p=104119\" aria-label=\"Mehr Informationen \u00fcber R\u00fcckblicke\">Weiterlesen<\/a><\/p>\n","protected":false},"author":2,"featured_media":0,"comment_status":"closed","ping_status":"closed","sticky":false,"template":"","format":"standard","meta":{"footnotes":""},"categories":[117,2,6,20,22],"tags":[],"class_list":["post-104119","post","type-post","status-publish","format-standard","hentry","category-117","category-news-and-events","category-bethlehemgemeinde","category-maennerkreis","category-posaunenchor"],"_links":{"self":[{"href":"https:\/\/bethlehemgemeinde-meppen.de\/index.php?rest_route=\/wp\/v2\/posts\/104119","targetHints":{"allow":["GET"]}}],"collection":[{"href":"https:\/\/bethlehemgemeinde-meppen.de\/index.php?rest_route=\/wp\/v2\/posts"}],"about":[{"href":"https:\/\/bethlehemgemeinde-meppen.de\/index.php?rest_route=\/wp\/v2\/types\/post"}],"author":[{"embeddable":true,"href":"https:\/\/bethlehemgemeinde-meppen.de\/index.php?rest_route=\/wp\/v2\/users\/2"}],"replies":[{"embeddable":true,"href":"https:\/\/bethlehemgemeinde-meppen.de\/index.php?rest_route=%2Fwp%2Fv2%2Fcomments&post=104119"}],"version-history":[{"count":15,"href":"https:\/\/bethlehemgemeinde-meppen.de\/index.php?rest_route=\/wp\/v2\/posts\/104119\/revisions"}],"predecessor-version":[{"id":104310,"href":"https:\/\/bethlehemgemeinde-meppen.de\/index.php?rest_route=\/wp\/v2\/posts\/104119\/revisions\/104310"}],"wp:attachment":[{"href":"https:\/\/bethlehemgemeinde-meppen.de\/index.php?rest_route=%2Fwp%2Fv2%2Fmedia&parent=104119"}],"wp:term":[{"taxonomy":"category","embeddable":true,"href":"https:\/\/bethlehemgemeinde-meppen.de\/index.php?rest_route=%2Fwp%2Fv2%2Fcategories&post=104119"},{"taxonomy":"post_tag","embeddable":true,"href":"https:\/\/bethlehemgemeinde-meppen.de\/index.php?rest_route=%2Fwp%2Fv2%2Ftags&post=104119"}],"curies":[{"name":"wp","href":"https:\/\/api.w.org\/{rel}","templated":true}]}}