{"id":103490,"date":"2023-12-12T11:47:50","date_gmt":"2023-12-12T11:47:50","guid":{"rendered":"https:\/\/bethlehemgemeinde-meppen.de\/?p=103490"},"modified":"2025-01-02T14:22:46","modified_gmt":"2025-01-02T14:22:46","slug":"fuer-kinder-und-jugendliche-2","status":"publish","type":"post","link":"https:\/\/bethlehemgemeinde-meppen.de\/?p=103490","title":{"rendered":"F\u00fcr Kinder und Jugendliche"},"content":{"rendered":"\t\t<div data-elementor-type=\"wp-post\" data-elementor-id=\"103490\" class=\"elementor elementor-103490\" data-elementor-post-type=\"post\">\n\t\t\t\t\t\t<section class=\"elementor-section elementor-top-section elementor-element elementor-element-86112c8 elementor-section-boxed elementor-section-height-default elementor-section-height-default\" data-id=\"86112c8\" data-element_type=\"section\" data-e-type=\"section\" data-settings=\"{&quot;ekit_has_onepagescroll_dot&quot;:&quot;yes&quot;}\">\n\t\t\t\t\t\t<div class=\"elementor-container elementor-column-gap-default\">\n\t\t\t\t\t<div class=\"elementor-column elementor-col-100 elementor-top-column elementor-element elementor-element-7f26177\" data-id=\"7f26177\" data-element_type=\"column\" data-e-type=\"column\">\n\t\t\t<div class=\"elementor-widget-wrap elementor-element-populated\">\n\t\t\t\t\t\t<div class=\"elementor-element elementor-element-e9b3f97 elementor-widget elementor-widget-text-editor\" data-id=\"e9b3f97\" data-element_type=\"widget\" data-e-type=\"widget\" data-settings=\"{&quot;ekit_we_effect_on&quot;:&quot;none&quot;}\" data-widget_type=\"text-editor.default\">\n\t\t\t\t<div class=\"elementor-widget-container\">\n\t\t\t\t\t\t\t\t\t<h5><strong>\u201eSchwarzbrot sollte es eigentlich nicht werden\u201c<\/strong><\/h5><p>Am 05.10.23 fand das Stockbrot-Backen zum Abschluss des Sommers von den Singkreisen statt. So manches Kind bemerkte dieses Jahr, dass verkohltes Brot nicht schmeckt, also haben kurzerhand die Eltern die St\u00f6cke in die Hand bekommen, und die Kinder tobten im Garten umher.<\/p><p>Es war ein sch\u00f6ner, geselliger Nachmittag, und selbst ein paar Regentropfen hier und da st\u00f6rten uns dabei nicht.<\/p><p>Wir freuen uns schon auf das Stockbrot-Backen im n\u00e4chsten Jahr!<\/p><h5><strong>Mit der Arche in den Zoo<\/strong><\/h5><p>Am 21.10.23 haben wir unter dem Motto \u201eArche Noah\u201c unsere Reise in den Tierpark Nordhorn angetreten. Es sei gesagt, dass wir mindestens genauso nass geworden sind wie vermutlich auch Noah mit seinen Tieren.<\/p><p>Nach einem kleinen Gottesdienst, in dem wir uns mit der Geschichte befasst hatten, ging es mit dem Bus los, und als wir ankamen regnete es in Str\u00f6men!<\/p><p>Zum Gl\u00fcck klarte es nach kurzer Zeit auf, und die Kinder konnten in aller Ruhe den Park entdecken. Mit Begeisterung wurden auch der Aufgaben- und Fragezettel mit Hilfe der Eltern ausgef\u00fcllt. So mussten sie z.B. die Tiere suchen, \u00fcber die wir im Gottesdienst gesprochen hatten oder das Muster eines Zebras abmalen.<\/p><p>Mit einem gemeinsamen Lied beendeten wir den Besuch im Tierpark und traten die Heimfahrt an.<\/p><p>Ein paar Kinder waren sich \u00fcbrigens sicher, dass der Bus w\u00e4hrend der Fahrt genauso wackelte wie die Arche auf dem Wasser!<\/p><h5><strong>In der Weihnachtsb\u00e4ckerei\u2026<\/strong><\/h5><p>\u2026werden wir nicht sein, aber es wird genauso toll werden! Am 14.12.2023 findet in der Bethlehemkirche ein Adventssingen statt. In gem\u00fctlicher Atmosph\u00e4re wollen wir, wie letztes Jahr, alte und neue Weihnachtslieder singen.<\/p><p>Linda Wagner<\/p><p>Anmeldungen bitte bis zum 11.12.2023 an Linda Wagner oder im Pfarrb\u00fcro.<\/p><h5><strong>Baumschmuck aus Salzteig<\/strong><\/h5><p>Du brauchst:\u00a0 1. ) 2 Tassen Mehl\u00a0\u00a0\u00a0\u00a0\u00a0\u00a0\u00a0\u00a0\u00a0\u00a0\u00a0\u00a0\u00a0\u00a0\u00a0\u00a0 4.) 1 Strohhalm<\/p><p>\u00a0\u00a0\u00a0\u00a0\u00a0\u00a0\u00a0\u00a0\u00a0\u00a0\u00a0\u00a0\u00a0\u00a0\u00a0 \u00a0\u00a0\u00a0\u00a0\u00a0\u00a0\u00a0\u00a0\u00a0\u00a0 2.) 1 Tasse Wasser\u00a0\u00a0\u00a0\u00a0\u00a0\u00a0\u00a0\u00a0\u00a0\u00a0\u00a0\u00a0\u00a0 5.) Wolle oder einen anderen Faden<\/p><p>\u00a0\u00a0\u00a0\u00a0\u00a0\u00a0\u00a0\u00a0\u00a0\u00a0\u00a0\u00a0\u00a0\u00a0\u00a0 \u00a0\u00a0\u00a0\u00a0\u00a0\u00a0\u00a0\u00a0\u00a0\u00a0 3.) 1 Tasse Salz\u00a0\u00a0\u00a0\u00a0\u00a0\u00a0\u00a0\u00a0\u00a0\u00a0\u00a0\u00a0\u00a0\u00a0\u00a0\u00a0\u00a0\u00a0\u00a0\u00a0 6.) Fingerfarbe oder einen Tuschkasten<\/p><p>Mische die Zutaten 1-3 zu einem Teig zusammen, sollte er zu klebrig sein, nimm noch ein bisschen Mehl dazu.<\/p><p>Du kannst dann mit Ausstechformen Figuren ausstechen, genau wie bei normalem Pl\u00e4tzchenteig. Benutze dann den Strohhalm, um ein Loch oben in die Figur zu stechen, dort kommt sp\u00e4ter das Band durch.<\/p><p>Nun kommt der Teig auf einem Blech in den Ofen. Salzteig mag keine gro\u00dfe Hitze, dann bekommt deine sch\u00f6ne Bastelei Risse. Stelle den Backofen auf ca. 50\u00b0 ein und backe deinen Teig 1 Stunde lang. Stelle den Backofen auf ca. 120\u00b0 und backe den Teig nochmals 2 Stunden.<\/p><p>Nach dem Abk\u00fchlen kannst du deine Figuren sch\u00f6n bemalen, den Faden durchziehen und aufh\u00e4ngen!<\/p><h5><strong>Oh Tannenbaum<\/strong><\/h5><p>Jedes Jahr steht in der Kirche ein gro\u00dfer Tannenbaum&#8230;<\/p><p><img fetchpriority=\"high\" decoding=\"async\" class=\"alignleft wp-image-104378 size-full\" src=\"https:\/\/bethlehemgemeinde-meppen.de\/wp-content\/uploads\/2025\/01\/Tannenbaum.jpg\" alt=\"\" width=\"1435\" height=\"1920\" srcset=\"https:\/\/bethlehemgemeinde-meppen.de\/wp-content\/uploads\/2025\/01\/Tannenbaum.jpg 1435w, https:\/\/bethlehemgemeinde-meppen.de\/wp-content\/uploads\/2025\/01\/Tannenbaum-224x300.jpg 224w, https:\/\/bethlehemgemeinde-meppen.de\/wp-content\/uploads\/2025\/01\/Tannenbaum-765x1024.jpg 765w, https:\/\/bethlehemgemeinde-meppen.de\/wp-content\/uploads\/2025\/01\/Tannenbaum-768x1028.jpg 768w, https:\/\/bethlehemgemeinde-meppen.de\/wp-content\/uploads\/2025\/01\/Tannenbaum-1148x1536.jpg 1148w\" sizes=\"(max-width: 1435px) 100vw, 1435px\" \/><\/p>\t\t\t\t\t\t\t\t<\/div>\n\t\t\t\t<\/div>\n\t\t\t\t\t<\/div>\n\t\t<\/div>\n\t\t\t\t\t<\/div>\n\t\t<\/section>\n\t\t\t\t<section class=\"elementor-section elementor-top-section elementor-element elementor-element-a911e94 elementor-section-boxed elementor-section-height-default elementor-section-height-default\" data-id=\"a911e94\" data-element_type=\"section\" data-e-type=\"section\" data-settings=\"{&quot;ekit_has_onepagescroll_dot&quot;:&quot;yes&quot;}\">\n\t\t\t\t\t\t<div class=\"elementor-container elementor-column-gap-default\">\n\t\t\t\t\t<div class=\"elementor-column elementor-col-100 elementor-top-column elementor-element elementor-element-7c69cf8\" data-id=\"7c69cf8\" data-element_type=\"column\" data-e-type=\"column\">\n\t\t\t<div class=\"elementor-widget-wrap elementor-element-populated\">\n\t\t\t\t\t\t<div class=\"elementor-element elementor-element-13d5795 elementor-widget elementor-widget-text-editor\" data-id=\"13d5795\" data-element_type=\"widget\" data-e-type=\"widget\" data-settings=\"{&quot;ekit_we_effect_on&quot;:&quot;none&quot;}\" data-widget_type=\"text-editor.default\">\n\t\t\t\t<div class=\"elementor-widget-container\">\n\t\t\t\t\t\t\t\t\t<h5>\u00a0<\/h5><h5><strong style=\"font-style: inherit; color: var( --e-global-color-text ); background-color: var(--base-3);\">Kennst du alle Weihnachtslieder?<\/strong><\/h5><p><img decoding=\"async\" class=\"alignleft wp-image-104393 size-full\" src=\"https:\/\/bethlehemgemeinde-meppen.de\/wp-content\/uploads\/2025\/01\/Weihnachtsliederraetsel-1.jpg\" alt=\"\" width=\"654\" height=\"402\" srcset=\"https:\/\/bethlehemgemeinde-meppen.de\/wp-content\/uploads\/2025\/01\/Weihnachtsliederraetsel-1.jpg 654w, https:\/\/bethlehemgemeinde-meppen.de\/wp-content\/uploads\/2025\/01\/Weihnachtsliederraetsel-1-300x184.jpg 300w\" sizes=\"(max-width: 654px) 100vw, 654px\" \/><\/p><p>\u00a0<\/p><div><strong style=\"font-style: inherit; color: var( --e-global-color-text ); background-color: var(--base-3);\">\u00a0<\/strong><\/div><p><img decoding=\"async\" class=\"alignleft wp-image-104392 size-full\" src=\"https:\/\/bethlehemgemeinde-meppen.de\/wp-content\/uploads\/2025\/01\/Weihnachtsliederraetsel-2.jpg\" alt=\"\" width=\"623\" height=\"320\" srcset=\"https:\/\/bethlehemgemeinde-meppen.de\/wp-content\/uploads\/2025\/01\/Weihnachtsliederraetsel-2.jpg 623w, https:\/\/bethlehemgemeinde-meppen.de\/wp-content\/uploads\/2025\/01\/Weihnachtsliederraetsel-2-300x154.jpg 300w\" sizes=\"(max-width: 623px) 100vw, 623px\" \/><\/p>\t\t\t\t\t\t\t\t<\/div>\n\t\t\t\t<\/div>\n\t\t\t\t\t<\/div>\n\t\t<\/div>\n\t\t\t\t\t<\/div>\n\t\t<\/section>\n\t\t\t\t<\/div>\n\t\t","protected":false},"excerpt":{"rendered":"<p>\u201eSchwarzbrot sollte es eigentlich nicht werden\u201c Am 05.10.23 fand das Stockbrot-Backen zum Abschluss des Sommers von den Singkreisen statt. So manches Kind bemerkte dieses Jahr, dass verkohltes Brot nicht schmeckt, also haben kurzerhand die Eltern die St\u00f6cke in die Hand bekommen, und die Kinder tobten im Garten umher. Es war ein sch\u00f6ner, geselliger Nachmittag, und &#8230; <a title=\"F\u00fcr Kinder und Jugendliche\" class=\"read-more\" href=\"https:\/\/bethlehemgemeinde-meppen.de\/?p=103490\" aria-label=\"Mehr Informationen \u00fcber F\u00fcr Kinder und Jugendliche\">Weiterlesen<\/a><\/p>\n","protected":false},"author":2,"featured_media":0,"comment_status":"closed","ping_status":"closed","sticky":false,"template":"","format":"standard","meta":{"footnotes":""},"categories":[116,2,6],"tags":[],"class_list":["post-103490","post","type-post","status-publish","format-standard","hentry","category-116","category-news-and-events","category-bethlehemgemeinde"],"_links":{"self":[{"href":"https:\/\/bethlehemgemeinde-meppen.de\/index.php?rest_route=\/wp\/v2\/posts\/103490","targetHints":{"allow":["GET"]}}],"collection":[{"href":"https:\/\/bethlehemgemeinde-meppen.de\/index.php?rest_route=\/wp\/v2\/posts"}],"about":[{"href":"https:\/\/bethlehemgemeinde-meppen.de\/index.php?rest_route=\/wp\/v2\/types\/post"}],"author":[{"embeddable":true,"href":"https:\/\/bethlehemgemeinde-meppen.de\/index.php?rest_route=\/wp\/v2\/users\/2"}],"replies":[{"embeddable":true,"href":"https:\/\/bethlehemgemeinde-meppen.de\/index.php?rest_route=%2Fwp%2Fv2%2Fcomments&post=103490"}],"version-history":[{"count":10,"href":"https:\/\/bethlehemgemeinde-meppen.de\/index.php?rest_route=\/wp\/v2\/posts\/103490\/revisions"}],"predecessor-version":[{"id":104413,"href":"https:\/\/bethlehemgemeinde-meppen.de\/index.php?rest_route=\/wp\/v2\/posts\/103490\/revisions\/104413"}],"wp:attachment":[{"href":"https:\/\/bethlehemgemeinde-meppen.de\/index.php?rest_route=%2Fwp%2Fv2%2Fmedia&parent=103490"}],"wp:term":[{"taxonomy":"category","embeddable":true,"href":"https:\/\/bethlehemgemeinde-meppen.de\/index.php?rest_route=%2Fwp%2Fv2%2Fcategories&post=103490"},{"taxonomy":"post_tag","embeddable":true,"href":"https:\/\/bethlehemgemeinde-meppen.de\/index.php?rest_route=%2Fwp%2Fv2%2Ftags&post=103490"}],"curies":[{"name":"wp","href":"https:\/\/api.w.org\/{rel}","templated":true}]}}