{"id":102764,"date":"2022-11-30T10:28:28","date_gmt":"2022-11-30T10:28:28","guid":{"rendered":"https:\/\/staging.bethlehemgemeinde-meppen.de\/?p=102764"},"modified":"2023-02-21T15:49:29","modified_gmt":"2023-02-21T15:49:29","slug":"erntedankfest-2022","status":"publish","type":"post","link":"https:\/\/bethlehemgemeinde-meppen.de\/?p=102764","title":{"rendered":"Erntedankfest 2022"},"content":{"rendered":"\t\t<div data-elementor-type=\"wp-post\" data-elementor-id=\"102764\" class=\"elementor elementor-102764\" data-elementor-post-type=\"post\">\n\t\t\t\t\t\t<section class=\"elementor-section elementor-top-section elementor-element elementor-element-98caea1 elementor-section-boxed elementor-section-height-default elementor-section-height-default\" data-id=\"98caea1\" data-element_type=\"section\" data-e-type=\"section\" data-settings=\"{&quot;ekit_has_onepagescroll_dot&quot;:&quot;yes&quot;}\">\n\t\t\t\t\t\t<div class=\"elementor-container elementor-column-gap-default\">\n\t\t\t\t\t<div class=\"elementor-column elementor-col-100 elementor-top-column elementor-element elementor-element-84497cd\" data-id=\"84497cd\" data-element_type=\"column\" data-e-type=\"column\">\n\t\t\t<div class=\"elementor-widget-wrap elementor-element-populated\">\n\t\t\t\t\t\t<div class=\"elementor-element elementor-element-1dae8bb elementor-widget elementor-widget-text-editor\" data-id=\"1dae8bb\" data-element_type=\"widget\" data-e-type=\"widget\" data-settings=\"{&quot;ekit_we_effect_on&quot;:&quot;none&quot;}\" data-widget_type=\"text-editor.default\">\n\t\t\t\t<div class=\"elementor-widget-container\">\n\t\t\t\t\t\t\t\t\t<p>In diesem Jahr wurde am Erntedankfesttag in der Bethlehemgemeinde nach l\u00e4ngerer Corona-bedingter Pause \u2013 endlich wieder ein Gemeindefest gefeiert. Es ging um 11.00 Uhr mit einem Festgottesdienst mit Abendmahl los, begleitet von Herrn Karsten Opitz an der Orgel.<\/p><p>Mittelpunkt des Altarraumes war \u2013 neben dem Weggenbrot, welches traditionsgem\u00e4\u00df vom M\u00e4nnerkreis gestiftet wurde &#8211; wieder der wundersch\u00f6ne, von Frau Stellmacher und Frau Nogatz gestaltete Erntebaum, dessen \u201eBestandteile\u201c von unseren Konfi\u00b4s nach dem Gottesdienst gegen eine Spende abgegeben wurden. \u2013 Der Erl\u00f6s in H\u00f6he von 72,00 \u20ac kam der Meppener Tafel zugute. <br \/>Nach dem Gottesdienst ging es dann munter weiter. Die M\u00e4nner des M\u00e4nnerkreises hatten schon den Grill und k\u00fchle Getr\u00e4nke vorbereitet und die Frauen in der K\u00fcche versorgten uns mit Kaffee und Kuchen.<br \/>Einen kleinen Basar unseres Basarkreises gab es auch. Und die Bethlehemstiftung bot \u201e\u00dcber-raschungsb\u00fccher\u201c gegen Abgabe einer Spende an und freut sich \u00fcber einen Erl\u00f6s in H\u00f6he von <br \/>122,50 \u20ac, welcher der Stiftung zugute kommt.<\/p><p>F\u00fcr die Kinder waren Linda Wagner, Philippa Heldt und einige Konfirmandinnen und Konfirmanden unerm\u00fcdlich im Einsatz. Besonders gut kamen neben dem Spielemobil das Kinderschminken und die Spiele im Keller des Gemeindehauses an. <br \/>Zum Schluss waren sich alle einig: Das war ein gelungenes Fest!<\/p><p>Ulrike L\u00fcbbers<\/p>\t\t\t\t\t\t\t\t<\/div>\n\t\t\t\t<\/div>\n\t\t\t\t\t<\/div>\n\t\t<\/div>\n\t\t\t\t\t<\/div>\n\t\t<\/section>\n\t\t\t\t<section class=\"elementor-section elementor-top-section elementor-element elementor-element-0009b6e elementor-section-boxed elementor-section-height-default elementor-section-height-default\" data-id=\"0009b6e\" data-element_type=\"section\" data-e-type=\"section\" data-settings=\"{&quot;ekit_has_onepagescroll_dot&quot;:&quot;yes&quot;}\">\n\t\t\t\t\t\t<div class=\"elementor-container elementor-column-gap-default\">\n\t\t\t\t\t<div class=\"elementor-column elementor-col-100 elementor-top-column elementor-element elementor-element-79a0142\" data-id=\"79a0142\" data-element_type=\"column\" data-e-type=\"column\">\n\t\t\t<div class=\"elementor-widget-wrap elementor-element-populated\">\n\t\t\t\t\t\t<div class=\"elementor-element elementor-element-5640b7d elementor-widget elementor-widget-image\" data-id=\"5640b7d\" data-element_type=\"widget\" data-e-type=\"widget\" data-settings=\"{&quot;ekit_we_effect_on&quot;:&quot;none&quot;}\" data-widget_type=\"image.default\">\n\t\t\t\t<div class=\"elementor-widget-container\">\n\t\t\t\t\t\t\t\t\t\t\t\t\t\t\t<img fetchpriority=\"high\" decoding=\"async\" width=\"768\" height=\"1024\" src=\"https:\/\/bethlehemgemeinde-meppen.de\/wp-content\/uploads\/2022\/11\/PXL_20221002_102610504_exported_299_1664735203203-768x1024.jpg\" class=\"attachment-large size-large wp-image-102763\" alt=\"\" srcset=\"https:\/\/bethlehemgemeinde-meppen.de\/wp-content\/uploads\/2022\/11\/PXL_20221002_102610504_exported_299_1664735203203-768x1024.jpg 768w, https:\/\/bethlehemgemeinde-meppen.de\/wp-content\/uploads\/2022\/11\/PXL_20221002_102610504_exported_299_1664735203203-225x300.jpg 225w, https:\/\/bethlehemgemeinde-meppen.de\/wp-content\/uploads\/2022\/11\/PXL_20221002_102610504_exported_299_1664735203203-1152x1536.jpg 1152w, https:\/\/bethlehemgemeinde-meppen.de\/wp-content\/uploads\/2022\/11\/PXL_20221002_102610504_exported_299_1664735203203.jpg 1536w\" sizes=\"(max-width: 768px) 100vw, 768px\" \/>\t\t\t\t\t\t\t\t\t\t\t\t\t\t\t<\/div>\n\t\t\t\t<\/div>\n\t\t\t\t\t<\/div>\n\t\t<\/div>\n\t\t\t\t\t<\/div>\n\t\t<\/section>\n\t\t\t\t<section class=\"elementor-section elementor-top-section elementor-element elementor-element-2e4b258 elementor-section-boxed elementor-section-height-default elementor-section-height-default\" data-id=\"2e4b258\" data-element_type=\"section\" data-e-type=\"section\" data-settings=\"{&quot;ekit_has_onepagescroll_dot&quot;:&quot;yes&quot;}\">\n\t\t\t\t\t\t<div class=\"elementor-container elementor-column-gap-default\">\n\t\t\t\t\t<div class=\"elementor-column elementor-col-100 elementor-top-column elementor-element elementor-element-34231aa\" data-id=\"34231aa\" data-element_type=\"column\" data-e-type=\"column\">\n\t\t\t<div class=\"elementor-widget-wrap elementor-element-populated\">\n\t\t\t\t\t\t<div class=\"elementor-element elementor-element-5e09fdc elementor-widget elementor-widget-image\" data-id=\"5e09fdc\" data-element_type=\"widget\" data-e-type=\"widget\" data-settings=\"{&quot;ekit_we_effect_on&quot;:&quot;none&quot;}\" data-widget_type=\"image.default\">\n\t\t\t\t<div class=\"elementor-widget-container\">\n\t\t\t\t\t\t\t\t\t\t\t\t\t\t\t<img decoding=\"async\" width=\"768\" height=\"1024\" src=\"https:\/\/bethlehemgemeinde-meppen.de\/wp-content\/uploads\/2022\/11\/PXL_20221002_114446605.MP_-768x1024.jpg\" class=\"attachment-large size-large wp-image-102762\" alt=\"\" srcset=\"https:\/\/bethlehemgemeinde-meppen.de\/wp-content\/uploads\/2022\/11\/PXL_20221002_114446605.MP_-768x1024.jpg 768w, https:\/\/bethlehemgemeinde-meppen.de\/wp-content\/uploads\/2022\/11\/PXL_20221002_114446605.MP_-225x300.jpg 225w, https:\/\/bethlehemgemeinde-meppen.de\/wp-content\/uploads\/2022\/11\/PXL_20221002_114446605.MP_-1152x1536.jpg 1152w, https:\/\/bethlehemgemeinde-meppen.de\/wp-content\/uploads\/2022\/11\/PXL_20221002_114446605.MP_-1536x2048.jpg 1536w, https:\/\/bethlehemgemeinde-meppen.de\/wp-content\/uploads\/2022\/11\/PXL_20221002_114446605.MP_-scaled.jpg 1920w\" sizes=\"(max-width: 768px) 100vw, 768px\" \/>\t\t\t\t\t\t\t\t\t\t\t\t\t\t\t<\/div>\n\t\t\t\t<\/div>\n\t\t\t\t\t<\/div>\n\t\t<\/div>\n\t\t\t\t\t<\/div>\n\t\t<\/section>\n\t\t\t\t<section class=\"elementor-section elementor-top-section elementor-element elementor-element-a73a0ee elementor-section-boxed elementor-section-height-default elementor-section-height-default\" data-id=\"a73a0ee\" data-element_type=\"section\" data-e-type=\"section\" data-settings=\"{&quot;ekit_has_onepagescroll_dot&quot;:&quot;yes&quot;}\">\n\t\t\t\t\t\t<div class=\"elementor-container elementor-column-gap-default\">\n\t\t\t\t\t<div class=\"elementor-column elementor-col-100 elementor-top-column elementor-element elementor-element-ed8b5a1\" data-id=\"ed8b5a1\" data-element_type=\"column\" data-e-type=\"column\">\n\t\t\t<div class=\"elementor-widget-wrap elementor-element-populated\">\n\t\t\t\t\t\t<div class=\"elementor-element elementor-element-35dd0bf elementor-widget elementor-widget-image\" data-id=\"35dd0bf\" data-element_type=\"widget\" data-e-type=\"widget\" data-settings=\"{&quot;ekit_we_effect_on&quot;:&quot;none&quot;}\" data-widget_type=\"image.default\">\n\t\t\t\t<div class=\"elementor-widget-container\">\n\t\t\t\t\t\t\t\t\t\t\t\t\t\t\t<img decoding=\"async\" width=\"768\" height=\"1024\" src=\"https:\/\/bethlehemgemeinde-meppen.de\/wp-content\/uploads\/2022\/11\/PXL_20221002_114146572.MP_-768x1024.jpg\" class=\"attachment-large size-large wp-image-102760\" alt=\"\" srcset=\"https:\/\/bethlehemgemeinde-meppen.de\/wp-content\/uploads\/2022\/11\/PXL_20221002_114146572.MP_-768x1024.jpg 768w, https:\/\/bethlehemgemeinde-meppen.de\/wp-content\/uploads\/2022\/11\/PXL_20221002_114146572.MP_-225x300.jpg 225w, https:\/\/bethlehemgemeinde-meppen.de\/wp-content\/uploads\/2022\/11\/PXL_20221002_114146572.MP_-1152x1536.jpg 1152w, https:\/\/bethlehemgemeinde-meppen.de\/wp-content\/uploads\/2022\/11\/PXL_20221002_114146572.MP_-1536x2048.jpg 1536w, https:\/\/bethlehemgemeinde-meppen.de\/wp-content\/uploads\/2022\/11\/PXL_20221002_114146572.MP_-scaled.jpg 1920w\" sizes=\"(max-width: 768px) 100vw, 768px\" \/>\t\t\t\t\t\t\t\t\t\t\t\t\t\t\t<\/div>\n\t\t\t\t<\/div>\n\t\t\t\t\t<\/div>\n\t\t<\/div>\n\t\t\t\t\t<\/div>\n\t\t<\/section>\n\t\t\t\t<\/div>\n\t\t","protected":false},"excerpt":{"rendered":"<p>In diesem Jahr wurde am Erntedankfesttag in der Bethlehemgemeinde nach l\u00e4ngerer Corona-bedingter Pause \u2013 endlich wieder ein Gemeindefest gefeiert. Es ging um 11.00 Uhr mit einem Festgottesdienst mit Abendmahl los, begleitet von Herrn Karsten Opitz an der Orgel. Mittelpunkt des Altarraumes war \u2013 neben dem Weggenbrot, welches traditionsgem\u00e4\u00df vom M\u00e4nnerkreis gestiftet wurde &#8211; wieder der &#8230; <a title=\"Erntedankfest 2022\" class=\"read-more\" href=\"https:\/\/bethlehemgemeinde-meppen.de\/?p=102764\" aria-label=\"Mehr Informationen \u00fcber Erntedankfest 2022\">Weiterlesen<\/a><\/p>\n","protected":false},"author":2,"featured_media":0,"comment_status":"closed","ping_status":"closed","sticky":false,"template":"","format":"standard","meta":{"footnotes":""},"categories":[100,6],"tags":[],"class_list":["post-102764","post","type-post","status-publish","format-standard","hentry","category-100","category-bethlehemgemeinde"],"_links":{"self":[{"href":"https:\/\/bethlehemgemeinde-meppen.de\/index.php?rest_route=\/wp\/v2\/posts\/102764","targetHints":{"allow":["GET"]}}],"collection":[{"href":"https:\/\/bethlehemgemeinde-meppen.de\/index.php?rest_route=\/wp\/v2\/posts"}],"about":[{"href":"https:\/\/bethlehemgemeinde-meppen.de\/index.php?rest_route=\/wp\/v2\/types\/post"}],"author":[{"embeddable":true,"href":"https:\/\/bethlehemgemeinde-meppen.de\/index.php?rest_route=\/wp\/v2\/users\/2"}],"replies":[{"embeddable":true,"href":"https:\/\/bethlehemgemeinde-meppen.de\/index.php?rest_route=%2Fwp%2Fv2%2Fcomments&post=102764"}],"version-history":[{"count":4,"href":"https:\/\/bethlehemgemeinde-meppen.de\/index.php?rest_route=\/wp\/v2\/posts\/102764\/revisions"}],"predecessor-version":[{"id":102768,"href":"https:\/\/bethlehemgemeinde-meppen.de\/index.php?rest_route=\/wp\/v2\/posts\/102764\/revisions\/102768"}],"wp:attachment":[{"href":"https:\/\/bethlehemgemeinde-meppen.de\/index.php?rest_route=%2Fwp%2Fv2%2Fmedia&parent=102764"}],"wp:term":[{"taxonomy":"category","embeddable":true,"href":"https:\/\/bethlehemgemeinde-meppen.de\/index.php?rest_route=%2Fwp%2Fv2%2Fcategories&post=102764"},{"taxonomy":"post_tag","embeddable":true,"href":"https:\/\/bethlehemgemeinde-meppen.de\/index.php?rest_route=%2Fwp%2Fv2%2Ftags&post=102764"}],"curies":[{"name":"wp","href":"https:\/\/api.w.org\/{rel}","templated":true}]}}