{"id":102686,"date":"2022-11-30T10:37:53","date_gmt":"2022-11-30T10:37:53","guid":{"rendered":"https:\/\/staging.bethlehemgemeinde-meppen.de\/?p=102686"},"modified":"2022-11-30T10:41:34","modified_gmt":"2022-11-30T10:41:34","slug":"martin-luther-king-chor-musical","status":"publish","type":"post","link":"https:\/\/bethlehemgemeinde-meppen.de\/?p=102686","title":{"rendered":"Martin Luther King Chor-Musical"},"content":{"rendered":"\t\t<div data-elementor-type=\"wp-post\" data-elementor-id=\"102686\" class=\"elementor elementor-102686\" data-elementor-post-type=\"post\">\n\t\t\t\t\t\t<section class=\"elementor-section elementor-top-section elementor-element elementor-element-3681c10 elementor-section-boxed elementor-section-height-default elementor-section-height-default\" data-id=\"3681c10\" data-element_type=\"section\" data-e-type=\"section\" data-settings=\"{&quot;ekit_has_onepagescroll_dot&quot;:&quot;yes&quot;}\">\n\t\t\t\t\t\t<div class=\"elementor-container elementor-column-gap-default\">\n\t\t\t\t\t<div class=\"elementor-column elementor-col-100 elementor-top-column elementor-element elementor-element-611cee8\" data-id=\"611cee8\" data-element_type=\"column\" data-e-type=\"column\">\n\t\t\t<div class=\"elementor-widget-wrap elementor-element-populated\">\n\t\t\t\t\t\t<div class=\"elementor-element elementor-element-fd37a8d elementor-widget elementor-widget-text-editor\" data-id=\"fd37a8d\" data-element_type=\"widget\" data-e-type=\"widget\" data-settings=\"{&quot;ekit_we_effect_on&quot;:&quot;none&quot;}\" data-widget_type=\"text-editor.default\">\n\t\t\t\t<div class=\"elementor-widget-container\">\n\t\t\t\t\t\t\t\t\t<p><strong>Mit musikalischen Mitteln den Frieden voranbringen<\/strong><\/p><p><em>Kennenlernabend zum Martin Luther King Chor-Musical zeigt Motivation der Region<\/em><\/p><p>\u201eDas ist der Hauptgewinn!\u201c. So dr\u00fcckte es Julia Uhlenwinkel auf der Pressekonferenz in der Emsland Arena in Lingen aus. Gemeint war ihr erstes Projekt als neue Kantorin f\u00fcr christliche Popularmusik im Ev.-luth. Kirchenkreis Emsland-Bentheim. Gemeinsam mit Superintendent Dr. Bernd Brauer, Oberb\u00fcrgermeister Dieter Krone und Komponist Hanjo G\u00e4bler stellte sie das Chormusical Martin Luther King vor, dass \u00fcber 600 S\u00e4ngerinnen und S\u00e4nger aus der Region zum Mitmachen animieren m\u00f6chte. Sie habe das Gef\u00fchl, so Uhlenwinkel, in einen Kreis von Menschen gekommen zu sein, die ihre \u00dcberzeugung teilten, mit Popularmusik etwas in der Kirche bewegen zu k\u00f6nnen. Der Evangelisch-lutherische Kirchenkreis Emsland-Bentheim m\u00f6chtemit vielen Partnern die Botschaft und das Leben des B\u00fcrgerrechtlers und Baptistenpastors Martin Luther King im November 2023 auf die B\u00fchne der Emsland Arena bringen. Oberb\u00fcrgermeister Krone, neben den Landr\u00e4ten der Landkreise Emsland und Grafschaft Bentheim ebenfalls Pate des Projektes, freut sich dar\u00fcber, dass die Veranstaltung in Lingen stattfinden wird:\u201cIch bin gerne Botschafter dieses Musicals, denn Musik verbindet. In Lingen leben 105 Nationen miteinander. Wir sind eine weltoffene Stadt. Und Martin Luther King ist eine weltweit bekannte Identifikationsfigur. Das Thema Gewalt und Frieden besch\u00e4ftigt uns in Mitteleuropa momentan ganz neu und wir werden hier versuchen, mit musikalischen Mitteln den Frieden voranzubringen.\u201c <br \/>Superintendent Brauer betonte, dass es nicht darum gehe, viel Geld f\u00fcr ein Abendkonzert auszugeben, sondern ein Thema breit in die Gesellschaft hineinzutragen. \u201eDer Bildungsausschuss des Kirchenkreises unterst\u00fctzt die Stiftung kreative Kirche und wird Schulen und Gemeinden in der \u00d6kumene mit Material und einem Begleitprogramm versorgen. Schulch\u00f6re, Konfirmanden- oder Jugendgruppen k\u00f6nnen zu verg\u00fcnstigten Konditionen ebenfalls im gro\u00dfen Chor mitsingen.\u201c Er sei zuversichtlich, dass es gelingt, in bewegenden Zeiten die Menschen im Guten zu bewegen und \u00fcber Musik zu unterhalten und zu bilden.<\/p><p>Als Unterst\u00fctzer konnten neben vielen Stiftungen und Institutionen auch der Kirchenkreis Osnabr\u00fcck, die reformierten Synodalverb\u00e4nde und die katholischen Gemeinden der Region gewonnen werden. Neben Julia Uhlenwinkel wird der gro\u00dfe Chor auch vom Beauftragten f\u00fcr Popularkirchenmusik im Bistum Osnabr\u00fcck, Kai L\u00fcnnemann dirigiert. Damit sei das Projekt nicht nur thematisch \u00f6kumenisch sondern auch organisatorisch \u00f6kumenisch aufgestellt. <br \/>Auch zum ersten Kennenlernabend kamen am Mittwoch Abend \u00fcber 100 Interessierte in die ErlebBar in der Arena, um sich von den Dirigenten und von Komponist Hanjo G\u00e4bler in das Chormusical thematisch einf\u00fchren zu lassen. Einige waren sogar aus Ahaus und Vreden in Nordrhein-Westfalen angereist, um sich als S\u00e4ngerinnen anzumelden. G\u00e4bler, der schon als Musiker mit Roger Cicero in Lingen auf der B\u00fchne stand und f\u00fcr Alicia Keys oder Celine Dion produzierte, hat gemeinsam mit Christoph Terbuyken 2016 begonnen, das Chormusical zu komponieren. \u201eDen Chor setze ich hier bei 18 Liedern unter Volllast ein, da habt ihr richtig was zu tun und seid nicht Staffage im Hintergrund, das wird Spa\u00df machen\u201c, so der Vollblutmusiker, dem es gelang, bei den Neugierigen \u201eSchnupperern\u201c den Funken \u00fcberspringen zu lassen. Das Musical beginne mit dem Attentat an dem B\u00fcrgerrechtler King und blende dann r\u00fcckblickend Lebensstationen ein. Die erste Liebe, sein Weg als Pastor und zu seiner Vision des Friedens. Besonders in der zweiten H\u00e4lfte des Musicals sei die Auff\u00fchrung dicht dran an der Gegenwart. Dem gewaltbereiten Zeitgenossen Malcolm X, werde immer wieder die milde, moderate Antwort Kings, aus dessen Glauben heraus entgegengesetzt, so der Komponist des Retro-Musicals. Trotz des Hintergrunds sei das St\u00fcck aber immer unterhaltend. \u201eEs ist ein Musical\u201c, so G\u00e4bler.<br \/>Uhlenwinkel und L\u00fcnnemann betonten, dass es auch ohne Chorerfahrung m\u00f6glich sei, am gro\u00dfen Chor mitzuwirken. \u201eWir suchen einfach Leute, die Mitsingen wollen und Teil des Projektes werden. Anfang des Jahres werden wir Projektch\u00f6re gr\u00fcnden f\u00fcr noch nicht gebundene S\u00e4ngerinnen und S\u00e4nger und es wird eine digitale Chorlandkarte geben, die zeigt, welche Ch\u00f6re in der N\u00e4he sich ebenfalls angeschlossen haben. Auch dort kann man sich nat\u00fcrlich eingliedern, aber jetzt erstmal schnell anmelden!\u201c<br \/>Alle weiteren Informationen zum Projekt, Anmeldung als S\u00e4nger\/S\u00e4ngerin, Videos, H\u00f6rproben, Notenausz\u00fcge unter <a href=\"http:\/\/www.king-musical.de\/lingen\" target=\"_blank\" rel=\"noopener\">www.king-musical.de\/lingen<\/a><\/p><p>Hintergrund<br \/>10.000 S\u00e4ngerinnen und S\u00e4nger des Chormusicals Martin Luther King tragen den Geist von \u201eI have a dream\u201c in den kommenden Wochen und Monaten in Konzerthallen in zw\u00f6lf St\u00e4dte im deutschsprachigen Europa. Im Bereich der Hannoverschen Landeskirche wird das Musical neben Lingen noch in G\u00f6ttingen aufgef\u00fchrt. Die Botschaft von Pastor King von der Gleichberechtigung aller Menschen ist eine konkrete politische Utopie, nach der bis heute viele streben. Sie hat Ernst und Tiefe \u2013 und wird im Chormusical spannend, unterhaltsam und gef\u00fchlvoll in einer imposanten B\u00fchnenshow pr\u00e4sentiert.<\/p><p>Bei den bisher 20 Auff\u00fchrungen in den Jahren 2019 und 2020 begeisterten 16.000 S\u00e4ngerinnen und S\u00e4nger weit \u00fcber 61.000 Zuschauende. Die j\u00fcngste S\u00e4ngerin war bisher 7 Jahre alt, der \u00e4lteste 91 Jahre alt. Am Tag der Auff\u00fchrung vereinen sich die Stimmen der jeweiligen Region des zwischen 500 und 1.300 Personen starken Chores zusammen mit den Musicalprofis zu einem eindrucksvollen Klangerlebnis. Insgesamt werden es bis Ende 2023 weitere 10.000 Aktive beteiligt sein.<\/p><p>Das Engagement des Projektes f\u00fcr Verst\u00e4ndigung und Menschenrechte wurde durch das B\u00fcndnis f\u00fcr Demokratie und Toleranz (BfDT) gew\u00fcrdigt. Verliehen durch die Bundeszentrale f\u00fcr politische Bildung (bpb) ist das Chormusical Preistr\u00e4ger des Wettbewerbes \u201eAktiv f\u00fcr Demokratie und Toleranz\u201c.<\/p>\t\t\t\t\t\t\t\t<\/div>\n\t\t\t\t<\/div>\n\t\t\t\t\t<\/div>\n\t\t<\/div>\n\t\t\t\t\t<\/div>\n\t\t<\/section>\n\t\t\t\t<section class=\"elementor-section elementor-top-section elementor-element elementor-element-b56442b elementor-section-boxed elementor-section-height-default elementor-section-height-default\" data-id=\"b56442b\" data-element_type=\"section\" data-e-type=\"section\" data-settings=\"{&quot;ekit_has_onepagescroll_dot&quot;:&quot;yes&quot;}\">\n\t\t\t\t\t\t<div class=\"elementor-container elementor-column-gap-default\">\n\t\t\t\t\t<div class=\"elementor-column elementor-col-100 elementor-top-column elementor-element elementor-element-90525e6\" data-id=\"90525e6\" data-element_type=\"column\" data-e-type=\"column\">\n\t\t\t<div class=\"elementor-widget-wrap elementor-element-populated\">\n\t\t\t\t\t\t<div class=\"elementor-element elementor-element-969991a elementor-widget elementor-widget-image\" data-id=\"969991a\" data-element_type=\"widget\" data-e-type=\"widget\" data-settings=\"{&quot;ekit_we_effect_on&quot;:&quot;none&quot;}\" data-widget_type=\"image.default\">\n\t\t\t\t<div class=\"elementor-widget-container\">\n\t\t\t\t\t\t\t\t\t\t\t\t\t\t\t<img fetchpriority=\"high\" decoding=\"async\" width=\"1024\" height=\"723\" src=\"https:\/\/bethlehemgemeinde-meppen.de\/wp-content\/uploads\/2022\/11\/Arena05-1024x723.jpg\" class=\"attachment-large size-large wp-image-102684\" alt=\"\" srcset=\"https:\/\/bethlehemgemeinde-meppen.de\/wp-content\/uploads\/2022\/11\/Arena05-1024x723.jpg 1024w, https:\/\/bethlehemgemeinde-meppen.de\/wp-content\/uploads\/2022\/11\/Arena05-300x212.jpg 300w, https:\/\/bethlehemgemeinde-meppen.de\/wp-content\/uploads\/2022\/11\/Arena05-768x542.jpg 768w, https:\/\/bethlehemgemeinde-meppen.de\/wp-content\/uploads\/2022\/11\/Arena05-1536x1084.jpg 1536w, https:\/\/bethlehemgemeinde-meppen.de\/wp-content\/uploads\/2022\/11\/Arena05-2048x1446.jpg 2048w\" sizes=\"(max-width: 1024px) 100vw, 1024px\" \/>\t\t\t\t\t\t\t\t\t\t\t\t\t\t\t<\/div>\n\t\t\t\t<\/div>\n\t\t\t\t\t<\/div>\n\t\t<\/div>\n\t\t\t\t\t<\/div>\n\t\t<\/section>\n\t\t\t\t<section class=\"elementor-section elementor-top-section elementor-element elementor-element-b8dccd3 elementor-section-boxed elementor-section-height-default elementor-section-height-default\" data-id=\"b8dccd3\" data-element_type=\"section\" data-e-type=\"section\" data-settings=\"{&quot;ekit_has_onepagescroll_dot&quot;:&quot;yes&quot;}\">\n\t\t\t\t\t\t<div class=\"elementor-container elementor-column-gap-default\">\n\t\t\t\t\t<div class=\"elementor-column elementor-col-100 elementor-top-column elementor-element elementor-element-60e20dd\" data-id=\"60e20dd\" data-element_type=\"column\" data-e-type=\"column\">\n\t\t\t<div class=\"elementor-widget-wrap elementor-element-populated\">\n\t\t\t\t\t\t<div class=\"elementor-element elementor-element-8e0c6a7 elementor-widget elementor-widget-image\" data-id=\"8e0c6a7\" data-element_type=\"widget\" data-e-type=\"widget\" data-settings=\"{&quot;ekit_we_effect_on&quot;:&quot;none&quot;}\" data-widget_type=\"image.default\">\n\t\t\t\t<div class=\"elementor-widget-container\">\n\t\t\t\t\t\t\t\t\t\t\t\t\t\t\t<img decoding=\"async\" width=\"1024\" height=\"683\" src=\"https:\/\/bethlehemgemeinde-meppen.de\/wp-content\/uploads\/2022\/11\/Arena02-1024x683.jpg\" class=\"attachment-large size-large wp-image-102681\" alt=\"\" srcset=\"https:\/\/bethlehemgemeinde-meppen.de\/wp-content\/uploads\/2022\/11\/Arena02-1024x683.jpg 1024w, https:\/\/bethlehemgemeinde-meppen.de\/wp-content\/uploads\/2022\/11\/Arena02-300x200.jpg 300w, https:\/\/bethlehemgemeinde-meppen.de\/wp-content\/uploads\/2022\/11\/Arena02-768x513.jpg 768w, https:\/\/bethlehemgemeinde-meppen.de\/wp-content\/uploads\/2022\/11\/Arena02-1536x1025.jpg 1536w, https:\/\/bethlehemgemeinde-meppen.de\/wp-content\/uploads\/2022\/11\/Arena02-2048x1367.jpg 2048w\" sizes=\"(max-width: 1024px) 100vw, 1024px\" \/>\t\t\t\t\t\t\t\t\t\t\t\t\t\t\t<\/div>\n\t\t\t\t<\/div>\n\t\t\t\t\t<\/div>\n\t\t<\/div>\n\t\t\t\t\t<\/div>\n\t\t<\/section>\n\t\t\t\t<\/div>\n\t\t","protected":false},"excerpt":{"rendered":"<p>Mit musikalischen Mitteln den Frieden voranbringen Kennenlernabend zum Martin Luther King Chor-Musical zeigt Motivation der Region \u201eDas ist der Hauptgewinn!\u201c. So dr\u00fcckte es Julia Uhlenwinkel auf der Pressekonferenz in der Emsland Arena in Lingen aus. Gemeint war ihr erstes Projekt als neue Kantorin f\u00fcr christliche Popularmusik im Ev.-luth. Kirchenkreis Emsland-Bentheim. Gemeinsam mit Superintendent Dr. Bernd &#8230; <a title=\"Martin Luther King Chor-Musical\" class=\"read-more\" href=\"https:\/\/bethlehemgemeinde-meppen.de\/?p=102686\" aria-label=\"Mehr Informationen \u00fcber Martin Luther King Chor-Musical\">Weiterlesen<\/a><\/p>\n","protected":false},"author":2,"featured_media":102680,"comment_status":"closed","ping_status":"closed","sticky":false,"template":"","format":"standard","meta":{"footnotes":""},"categories":[100,2,6],"tags":[],"class_list":["post-102686","post","type-post","status-publish","format-standard","has-post-thumbnail","hentry","category-100","category-news-and-events","category-bethlehemgemeinde"],"_links":{"self":[{"href":"https:\/\/bethlehemgemeinde-meppen.de\/index.php?rest_route=\/wp\/v2\/posts\/102686","targetHints":{"allow":["GET"]}}],"collection":[{"href":"https:\/\/bethlehemgemeinde-meppen.de\/index.php?rest_route=\/wp\/v2\/posts"}],"about":[{"href":"https:\/\/bethlehemgemeinde-meppen.de\/index.php?rest_route=\/wp\/v2\/types\/post"}],"author":[{"embeddable":true,"href":"https:\/\/bethlehemgemeinde-meppen.de\/index.php?rest_route=\/wp\/v2\/users\/2"}],"replies":[{"embeddable":true,"href":"https:\/\/bethlehemgemeinde-meppen.de\/index.php?rest_route=%2Fwp%2Fv2%2Fcomments&post=102686"}],"version-history":[{"count":4,"href":"https:\/\/bethlehemgemeinde-meppen.de\/index.php?rest_route=\/wp\/v2\/posts\/102686\/revisions"}],"predecessor-version":[{"id":102690,"href":"https:\/\/bethlehemgemeinde-meppen.de\/index.php?rest_route=\/wp\/v2\/posts\/102686\/revisions\/102690"}],"wp:featuredmedia":[{"embeddable":true,"href":"https:\/\/bethlehemgemeinde-meppen.de\/index.php?rest_route=\/wp\/v2\/media\/102680"}],"wp:attachment":[{"href":"https:\/\/bethlehemgemeinde-meppen.de\/index.php?rest_route=%2Fwp%2Fv2%2Fmedia&parent=102686"}],"wp:term":[{"taxonomy":"category","embeddable":true,"href":"https:\/\/bethlehemgemeinde-meppen.de\/index.php?rest_route=%2Fwp%2Fv2%2Fcategories&post=102686"},{"taxonomy":"post_tag","embeddable":true,"href":"https:\/\/bethlehemgemeinde-meppen.de\/index.php?rest_route=%2Fwp%2Fv2%2Ftags&post=102686"}],"curies":[{"name":"wp","href":"https:\/\/api.w.org\/{rel}","templated":true}]}}