{"id":102455,"date":"2021-06-07T12:10:08","date_gmt":"2021-06-07T12:10:08","guid":{"rendered":"https:\/\/bethlehem-stiftung.de\/?p=102455"},"modified":"2022-11-29T16:12:10","modified_gmt":"2022-11-29T16:12:10","slug":"abstand-mit-zuversicht","status":"publish","type":"post","link":"https:\/\/bethlehemgemeinde-meppen.de\/?p=102455","title":{"rendered":"Abstand mit Zuversicht"},"content":{"rendered":"<p>Liebe Gemeindeglieder,<\/p>\n<p>die Corona-Pandemie hat uns alle weiterhin noch im Griff, auch wenn inzwischen nicht wenige von Ihnen schon geimpft sein werden. Alle ernstzunehmenden Fachleute sagen: Wohl noch bis zum Sp\u00e4tsommer werden wir um die strikte Einhaltung der Hygieneregeln nicht umhink\u00f6nnen. Vor allem \u201eAbstand halten\u201c ist ein Gebot dieser belastenden Zeit \u2013 ein unumst\u00f6\u00dflicher Ratschlag, der vor allem in einer christlichen Gemeinde nur mit gro\u00dfem Bauchkneifen umzusetzen ist, zumal doch die pers\u00f6nliche N\u00e4he so ungemein wichtig f\u00fcr das menschliche Miteinander ist. Umso bemerkenswerter scheint mir, wie diszipliniert wir alle Sonntag f\u00fcr Sonntag mit den uns auferlegten Regeln umgehen. Wir tragen Masken, sitzen mehrere Meter auseinander, verzichten auf das Singen, verabschieden uns nach dem ver-k\u00fcrzten Gottesdienst mit einem freundlichen Winken: Das war\u2018s dann schon. Die lebendige Gemeindearbeit mit allen Gruppen und Veranstaltungen liegt ziemlich brach\u2026 <\/p>\n<p>Es sei Ihnen in diesem Zusammenhang erneut versichert: Nicht nur Sie ganz pers\u00f6nlich, nein wir alle machen uns Gedanken, wie wir m\u00f6glichst bald wieder Initiativen ergreifen k\u00f6nnen, neue Pl\u00e4ne realisieren, verschiedene Ideen in die Tat umsetzen. Wie sehr sehnen wir uns nach einem Konzert (sei es im Freien), nach einer fr\u00f6hlichen Veranstaltung f\u00fcr die Kinder und Jugendlichen, nach einem geselligen Miteinander.<\/p>\n<p>Ihre Bethlehem-Stiftung denkt dabei weiter konkret \u00fcber ein Besuchsangebot f\u00fcr unsere \u00e4lteren Gemeindeglieder nach, wobei die Planungen inzwischen vorangeschritten sind. Zun\u00e4chst einmal werden zwei oder auch drei Damen sich um diejenigen von Ihnen k\u00fcmmern, die ein besonderes Bed\u00fcrfnis nach einem guten Gespr\u00e4ch im Rahmen eines regelm\u00e4\u00dfigen Besuchs zu Hause haben. Die Stiftung m\u00f6chte dieses Vorhaben gern finanziell unterst\u00fctzen. Sie d\u00fcrfen sich gern im Pfarrb\u00fcro melden, wenn Sie sich hier angesprochen f\u00fchlen! Gerade \u00e4ltere und oft alleinlebende Menschen hat die Pandemie hart getroffen, pers\u00f6nliche Kontakte mussten eingeschr\u00e4nkt oder gar ganz eingestellt werden.<\/p>\n<p>Bei alledem vergessen wir nat\u00fcrlich nicht unseren Stiftungs-Alltag, d.h. die gewissenhafte und sorgf\u00e4ltige Verwaltung des Stiftungsverm\u00f6gens. Unsere Bevollm\u00e4chtigten treffen sich unter Einhaltung der Corona-Bedingungen regelm\u00e4\u00dfig und sorgen f\u00fcr die Neuanlage freiwerdender Geldanlagen \u2013 eine nicht ganz einfache Aufgabe in Zeiten historisch niedriger Zinsen. Hier bedarf es kluger und verantwortungsbewusster Entscheidungen nach Einholung fachm\u00e4nnischen Rats. Und die dann doch \u00fcbrigbleibenden Zinsertr\u00e4ge m\u00fcssen schlie\u00dflich auch sinnvoll ausgeben werden. Hier denken wir weiterhin an eine nachhaltig angelegte In-vestition in eine Photovoltaikanlage f\u00fcr das Albert-Schweitzer-Gemeindehaus, ein wegen der Corona-Krise (und hier drehe ich mich jetzt im Kreis) gegenw\u00e4rtig noch ein wenig nach hin-ten verschobenes Vorhaben.<\/p>\n<p>Abschlie\u00dfend mein Rat: Bleiben sie vorsichtig, aber auch zuversichtlich und durchaus optimistisch. Denn so langsam aber sicher wird Licht am Ende des Tunnels erscheinen.<\/p>\n<p>Ihr <\/p>\n<p>Dr. Martin van der Ven<\/p>\n","protected":false},"excerpt":{"rendered":"<p>Liebe Gemeindeglieder, die Corona-Pandemie hat uns alle weiterhin noch im Griff, auch wenn inzwischen nicht wenige von Ihnen schon geimpft sein werden. Alle ernstzunehmenden Fachleute sagen: Wohl noch bis zum Sp\u00e4tsommer werden wir um die strikte Einhaltung der Hygieneregeln nicht umhink\u00f6nnen. Vor allem \u201eAbstand halten\u201c ist ein Gebot dieser belastenden Zeit \u2013 ein unumst\u00f6\u00dflicher Ratschlag, &#8230; <a title=\"Abstand mit Zuversicht\" class=\"read-more\" href=\"https:\/\/bethlehemgemeinde-meppen.de\/?p=102455\" aria-label=\"Mehr Informationen \u00fcber Abstand mit Zuversicht\">Weiterlesen<\/a><\/p>\n","protected":false},"author":2,"featured_media":102456,"comment_status":"closed","ping_status":"closed","sticky":false,"template":"","format":"standard","meta":{"footnotes":""},"categories":[99,6],"tags":[],"class_list":["post-102455","post","type-post","status-publish","format-standard","has-post-thumbnail","hentry","category-99","category-bethlehemgemeinde"],"_links":{"self":[{"href":"https:\/\/bethlehemgemeinde-meppen.de\/index.php?rest_route=\/wp\/v2\/posts\/102455","targetHints":{"allow":["GET"]}}],"collection":[{"href":"https:\/\/bethlehemgemeinde-meppen.de\/index.php?rest_route=\/wp\/v2\/posts"}],"about":[{"href":"https:\/\/bethlehemgemeinde-meppen.de\/index.php?rest_route=\/wp\/v2\/types\/post"}],"author":[{"embeddable":true,"href":"https:\/\/bethlehemgemeinde-meppen.de\/index.php?rest_route=\/wp\/v2\/users\/2"}],"replies":[{"embeddable":true,"href":"https:\/\/bethlehemgemeinde-meppen.de\/index.php?rest_route=%2Fwp%2Fv2%2Fcomments&post=102455"}],"version-history":[{"count":1,"href":"https:\/\/bethlehemgemeinde-meppen.de\/index.php?rest_route=\/wp\/v2\/posts\/102455\/revisions"}],"predecessor-version":[{"id":102612,"href":"https:\/\/bethlehemgemeinde-meppen.de\/index.php?rest_route=\/wp\/v2\/posts\/102455\/revisions\/102612"}],"wp:featuredmedia":[{"embeddable":true,"href":"https:\/\/bethlehemgemeinde-meppen.de\/index.php?rest_route=\/wp\/v2\/media\/102456"}],"wp:attachment":[{"href":"https:\/\/bethlehemgemeinde-meppen.de\/index.php?rest_route=%2Fwp%2Fv2%2Fmedia&parent=102455"}],"wp:term":[{"taxonomy":"category","embeddable":true,"href":"https:\/\/bethlehemgemeinde-meppen.de\/index.php?rest_route=%2Fwp%2Fv2%2Fcategories&post=102455"},{"taxonomy":"post_tag","embeddable":true,"href":"https:\/\/bethlehemgemeinde-meppen.de\/index.php?rest_route=%2Fwp%2Fv2%2Ftags&post=102455"}],"curies":[{"name":"wp","href":"https:\/\/api.w.org\/{rel}","templated":true}]}}